{"id":3149,"date":"2023-03-03T15:16:33","date_gmt":"2023-03-03T20:16:33","guid":{"rendered":"https:\/\/journals.law.harvard.edu\/elr\/?p=3149"},"modified":"2024-07-21T16:57:49","modified_gmt":"2024-07-21T20:57:49","slug":"climate-change-adaptation-and-the-protection-of-indigenous-peoples-land-resources-in-latin-america","status":"publish","type":"post","link":"https:\/\/journals.law.harvard.edu\/elr\/2023\/03\/03\/climate-change-adaptation-and-the-protection-of-indigenous-peoples-land-resources-in-latin-america\/","title":{"rendered":"Climate Change Adaptation and the Protection of Indigenous Peoples\u2019 Land &amp; Resources in Latin America"},"content":{"rendered":"<p><span data-contrast=\"auto\">By Terrence Neal*<\/span><span data-ccp-props=\"{&quot;201341983&quot;:0,&quot;335551550&quot;:2,&quot;335551620&quot;:2,&quot;335559740&quot;:480}\">\u00a0<\/span><\/p>\n<p>View pdf <a href=\"https:\/\/journals.law.harvard.edu\/elr\/wp-content\/uploads\/sites\/79\/2023\/03\/HELR-Vol.-47-Indigenous-Rights-1.pdf\">here<\/a><\/p>\n<p><span data-contrast=\"auto\">Scientists predict that climate change will adversely impact the ancestral lands of the approximately fifty million indigenous people inhabiting Latin America and thereby undermine the cultural survival and livelihoods of many indigenous communities.<sup class=\"modern-footnotes-footnote modern-footnotes-footnote--expands-on-desktop \" data-mfn=\"1\" data-mfn-post-scope=\"00000000000006520000000000000000_3149\"><a href=\"javascript:void(0)\"  role=\"button\" aria-pressed=\"false\" aria-describedby=\"mfn-content-00000000000006520000000000000000_3149-1\">1<\/a><\/sup><span id=\"mfn-content-00000000000006520000000000000000_3149-1\" role=\"tooltip\" class=\"modern-footnotes-footnote__note\" tabindex=\"0\" data-mfn=\"1\">*Terrence Neal is an attorney-adviser in the U.S. Environmental Protection Agency\u2019s Office of General Counsel. He previously served as a Judicial Fellow to President Joan Donoghue of the International Court of Justice (2021-2022). He graduated from Harvard Law School with his J.D. degree in 2019. This work is not a product of the United States Government or the U.S. Environmental Protection Agency. The author is not doing this work in any governmental capacity. The views expressed are his own and do not necessarily represent those of the United States or U.S. EPA.<br \/><br \/>\n1 See Martin de Dios, The situation of Latin America\u2019s indigenous population and the impact of COVID-19, UNITED NATIONS DEVELOPMENT PROGRAMME (\u201cUNDP\u201d) (May 14. 2020), https:\/\/www.latinamerica.undp.org\/content\/rblac\/en\/home\/blog\/2020\/impacto-y-situacion-de-la-poblacion-indigena-latinoamericana-ant.html.<\/span><\/span> <span data-contrast=\"auto\">For example, in 2020, wildfires intensified by abnormal drought conditions linked to climate change ravaged over eighty-five percent of the lands of the Guat\u00f3, an indigenous group whose ancestors have inhabited the Pantanal wetlands of Brazil for thousands of years.<\/span><span data-contrast=\"auto\"><sup class=\"modern-footnotes-footnote modern-footnotes-footnote--expands-on-desktop \" data-mfn=\"2\" data-mfn-post-scope=\"00000000000006520000000000000000_3149\"><a href=\"javascript:void(0)\"  role=\"button\" aria-pressed=\"false\" aria-describedby=\"mfn-content-00000000000006520000000000000000_3149-2\">2<\/a><\/sup><span id=\"mfn-content-00000000000006520000000000000000_3149-2\" role=\"tooltip\" class=\"modern-footnotes-footnote__note\" tabindex=\"0\" data-mfn=\"2\">See Catrin Einhorn et al., The World\u2019s Largest Tropical Wetland has Become an Inferno, The New York Times (Oct. 13, 2020) https:\/\/www.nytimes.com\/interactive\/2020\/10\/13\/climate\/pantanal-brazil-fires.html (\u201c[D]rought worsened by climate change turned the wetlands into a tinderbox and the fires raged out of control.\u201d).<\/span><\/span><span data-contrast=\"auto\"> The fires wiped out crop fields, trees used to construct traditional houses, and groves of medicinal plants.<\/span><span data-contrast=\"auto\"><sup class=\"modern-footnotes-footnote modern-footnotes-footnote--expands-on-desktop \" data-mfn=\"3\" data-mfn-post-scope=\"00000000000006520000000000000000_3149\"><a href=\"javascript:void(0)\"  role=\"button\" aria-pressed=\"false\" aria-describedby=\"mfn-content-00000000000006520000000000000000_3149-3\">3<\/a><\/sup><span id=\"mfn-content-00000000000006520000000000000000_3149-3\" role=\"tooltip\" class=\"modern-footnotes-footnote__note\" tabindex=\"0\" data-mfn=\"3\"> See id.; Bianca Muniz et al., Inc\u00eandios j\u00e1 tomam quase metade das terras ind\u00edgenas no Pantana, Ag\u00eancia P\u00fablica (Sept. 17, 2020), https:\/\/apublica.org\/2020\/09\/incendios-ja-tomam-quase-metade-das-terras-indigenas-no-pantanal\/. <\/span><\/span><span data-contrast=\"auto\"> Ash also polluted the rivers from which the Guat\u00f3 have traditionally fished for sustenance.<\/span><span data-contrast=\"auto\"><sup class=\"modern-footnotes-footnote modern-footnotes-footnote--expands-on-desktop \" data-mfn=\"4\" data-mfn-post-scope=\"00000000000006520000000000000000_3149\"><a href=\"javascript:void(0)\"  role=\"button\" aria-pressed=\"false\" aria-describedby=\"mfn-content-00000000000006520000000000000000_3149-4\">4<\/a><\/sup><span id=\"mfn-content-00000000000006520000000000000000_3149-4\" role=\"tooltip\" class=\"modern-footnotes-footnote__note\" tabindex=\"0\" data-mfn=\"4\">See supra note 3.<\/span><\/span><span data-contrast=\"auto\"> In the wake of the fires, many Guat\u00f3 communities were left dependent on donations to satisfy their food and water needs.<\/span><span data-contrast=\"auto\"><sup class=\"modern-footnotes-footnote modern-footnotes-footnote--expands-on-desktop \" data-mfn=\"5\" data-mfn-post-scope=\"00000000000006520000000000000000_3149\"><a href=\"javascript:void(0)\"  role=\"button\" aria-pressed=\"false\" aria-describedby=\"mfn-content-00000000000006520000000000000000_3149-5\">5<\/a><\/sup><span id=\"mfn-content-00000000000006520000000000000000_3149-5\" role=\"tooltip\" class=\"modern-footnotes-footnote__note\" tabindex=\"0\" data-mfn=\"5\">See Einhorn et al., supra note 2.<\/span><\/span><span data-contrast=\"auto\">\u00a0\u00a0<\/span><span data-ccp-props=\"{&quot;201341983&quot;:0,&quot;335559731&quot;:720,&quot;335559740&quot;:480}\">\u00a0<\/span><\/p>\n<p><span data-contrast=\"auto\">Undoubtedly, indigenous peoples\u2019 enjoyment of human rights is threatened by such severe climate change-linked degradation of their lands and resources. In addition, international human rights bodies have reasoned that States\u2019 can be held responsible for failing to undertake adequate measures to fulfill or ensure peoples\u2019 human rights in the face of the foreseeable adverse impacts of climate change. In a recent decision the UN Human Rights Committee determined that Australia had violated the rights of indigenous Torres Strait Islanders under the International Covenant on Civil and Political Rights (\u201cICCPR\u201d) by failing to undertake timely and adequate adaptive measures to protect the islands they inhabit and surrounding marine resources from climate changed-linked degradation and hazards.<\/span><span data-contrast=\"auto\"><sup class=\"modern-footnotes-footnote modern-footnotes-footnote--expands-on-desktop \" data-mfn=\"6\" data-mfn-post-scope=\"00000000000006520000000000000000_3149\"><a href=\"javascript:void(0)\"  role=\"button\" aria-pressed=\"false\" aria-describedby=\"mfn-content-00000000000006520000000000000000_3149-6\">6<\/a><\/sup><span id=\"mfn-content-00000000000006520000000000000000_3149-6\" role=\"tooltip\" class=\"modern-footnotes-footnote__note\" tabindex=\"0\" data-mfn=\"6\">See generally Daniel Billy and others v. Australia, views adopted by the U.N. Hum. Rts. Comm., CCPR\/C\/135\/D\/3624\/2019 (2022); see also Maria Antonia Tigre,\u202fUnited Nations Human Rights Committee finds that Australia is violating human rights obligations towards Torres Strait Islanders for climate inaction,\u202fColumbia\u202fClimate Law Blog (Sept. 27, 2022), https:\/\/blogs.law.columbia.edu\/climatechange\/2022\/09\/27\/u-n-human-rights-committee-finds-that-australia-is-violating-human-rights-obligations-towards-torres-strait-islanders-for-climate-inaction\/. <\/span><\/span><span data-ccp-props=\"{&quot;201341983&quot;:0,&quot;335559731&quot;:720,&quot;335559740&quot;:480}\">\u00a0<\/span><\/p>\n<p><span data-contrast=\"auto\">This essay builds upon the Human Rights Committee decision and aims to answer whether Latin American States have an affirmative duty to undertake adaptive measures<\/span><span data-contrast=\"auto\"><sup class=\"modern-footnotes-footnote modern-footnotes-footnote--expands-on-desktop \" data-mfn=\"7\" data-mfn-post-scope=\"00000000000006520000000000000000_3149\"><a href=\"javascript:void(0)\"  role=\"button\" aria-pressed=\"false\" aria-describedby=\"mfn-content-00000000000006520000000000000000_3149-7\">7<\/a><\/sup><span id=\"mfn-content-00000000000006520000000000000000_3149-7\" role=\"tooltip\" class=\"modern-footnotes-footnote__note\" tabindex=\"0\" data-mfn=\"7\">The Intergovernmental Panel on Climate Change\u2019s (\u201cIPCC\u2019s\u201d) Fifth Assessment Report defines adaptation as \u201cthe process of adjustment to actual or expected climate and its effects . . . to moderate or avoid harm or exploit beneficial opportunities.\u201d IPCC, CLIMATE CHANGE 2014: SYNTHESIS REPORT. CONTRIBUTION OF WORKING GROUPS I, II AND III TO THE FIFTH ASSESSMENT REPORT OF THE INTERGOVERNMENTAL PANEL ON CLIMATE CHANGE 118 (2014). <\/span><\/span><span data-contrast=\"auto\"> to address the foreseeable adverse impacts of climate change on indigenous peoples\u2019 lands and resources under the right to property prescribed in the American Convention on Human Rights (\u201cAmerican Convention\u201d). This essay focuses on the American Convention because most Latin American States have ratified the treaty, and, in contrast to the ICCPR regime, there is a judicial body\u2014the Inter-American Court of Human Rights (\u201cInter-American Court\u201d)\u2014competent to issue legally binding judgments regarding the interpretation and application of the treaty. American Convention States Parties\u2019 duties in respect of the right to property is examined because the Inter-American Court has regarded this right as a \u201crepository of essential indigenous rights\u201d\u2014<\/span><i><span data-contrast=\"auto\">i.e.<\/span><\/i><span data-contrast=\"auto\">, \u201cit has emphasized how the right is inextricably linked to other norms essential for indigenous peoples: cultural identity, social welfare, political participation, juridical personality, etc.\u201d<\/span><span data-contrast=\"auto\"><sup class=\"modern-footnotes-footnote modern-footnotes-footnote--expands-on-desktop \" data-mfn=\"8\" data-mfn-post-scope=\"00000000000006520000000000000000_3149\"><a href=\"javascript:void(0)\"  role=\"button\" aria-pressed=\"false\" aria-describedby=\"mfn-content-00000000000006520000000000000000_3149-8\">8<\/a><\/sup><span id=\"mfn-content-00000000000006520000000000000000_3149-8\" role=\"tooltip\" class=\"modern-footnotes-footnote__note\" tabindex=\"0\" data-mfn=\"8\">Tom Antkowiak, Rights, Resources and Rhetoric: Indigenous Peoples and the InterAmerican Court, 35 U. Pa. J. Int&#8217;l L. 113, 160 (2013).<\/span><\/span><span data-ccp-props=\"{&quot;201341983&quot;:0,&quot;335559731&quot;:720,&quot;335559740&quot;:480}\">\u00a0<\/span><\/p>\n<p><span data-contrast=\"auto\">The essay proceeds as follows: Part I provides background information on the Inter-American Human Rights System, a working definition of \u201cindigenous peoples,\u201d and an introduction to indigenous concepts of property. Part II analyzes the Inter-American Court\u2019s jurisprudence to outline the presently established scope of the right to property under the American Convention. Part III asserts that, under the American Convention, States Parties have a positive obligation to undertake adaptive measures to protect indigenous peoples\u2019 lands and resources against foreseeable adverse climate change impacts.<\/span><span data-ccp-props=\"{&quot;201341983&quot;:0,&quot;335559731&quot;:720,&quot;335559740&quot;:480}\">\u00a0<\/span><\/p>\n<p><b><span data-contrast=\"auto\">I. Background and Definitions <\/span><\/b><span data-ccp-props=\"{&quot;201341983&quot;:0,&quot;335559740&quot;:480}\">\u00a0<\/span><\/p>\n<p style=\"padding-left: 40px\"><strong>A. The Inter-American Human Rights System \u00a0<\/strong><\/p>\n<p><span data-contrast=\"auto\">The Inter-American Human Rights System (the \u201cIAHR System\u201d) exists within the framework of the Organization of American States (\u201cOAS\u201d), a regional intergovernmental organization composed of thirty-five States of the Americas.<\/span><span data-contrast=\"auto\"><sup class=\"modern-footnotes-footnote modern-footnotes-footnote--expands-on-desktop \" data-mfn=\"9\" data-mfn-post-scope=\"00000000000006520000000000000000_3149\"><a href=\"javascript:void(0)\"  role=\"button\" aria-pressed=\"false\" aria-describedby=\"mfn-content-00000000000006520000000000000000_3149-9\">9<\/a><\/sup><span id=\"mfn-content-00000000000006520000000000000000_3149-9\" role=\"tooltip\" class=\"modern-footnotes-footnote__note\" tabindex=\"0\" data-mfn=\"9\">See Charter of the Organization of American States, Apr. 30 1948, 119 U.N.T.S. 3 <\/span><\/span><span data-contrast=\"auto\"> The system comprises a series of legal instruments and institutions established to protect and promote human rights in the Americas. The system\u2019s principal human rights instrument is the American Convention, which has been ratified by twenty-five OAS member States.<\/span><span data-contrast=\"auto\"><sup class=\"modern-footnotes-footnote modern-footnotes-footnote--expands-on-desktop \" data-mfn=\"10\" data-mfn-post-scope=\"00000000000006520000000000000000_3149\"><a href=\"javascript:void(0)\"  role=\"button\" aria-pressed=\"false\" aria-describedby=\"mfn-content-00000000000006520000000000000000_3149-10\">10<\/a><\/sup><span id=\"mfn-content-00000000000006520000000000000000_3149-10\" role=\"tooltip\" class=\"modern-footnotes-footnote__note\" tabindex=\"0\" data-mfn=\"10\">See Organization of American States, American Convention on Human Rights (\u201cAmerican Convention\u201d), Nov. 22, 1969, O.A.S.T.S. No. 36, 1144 U.N.T.S. 123 ; American Convention on Human Rights, Signatories and Ratifications, Organization of American States, http:\/\/www.oas.org\/dil\/treaties_B-32_American_Convention_on_Human_Rights_sign.htm. <\/span><\/span><span data-contrast=\"auto\">\u00a0The treaty obligates States Parties to respect and ensure the enjoyment of the rights prescribed therein.<\/span><span data-contrast=\"auto\"><sup class=\"modern-footnotes-footnote modern-footnotes-footnote--expands-on-desktop \" data-mfn=\"11\" data-mfn-post-scope=\"00000000000006520000000000000000_3149\"><a href=\"javascript:void(0)\"  role=\"button\" aria-pressed=\"false\" aria-describedby=\"mfn-content-00000000000006520000000000000000_3149-11\">11<\/a><\/sup><span id=\"mfn-content-00000000000006520000000000000000_3149-11\" role=\"tooltip\" class=\"modern-footnotes-footnote__note\" tabindex=\"0\" data-mfn=\"11\">Yakye Axa Indigenous Community v. Paraguay, Merits, Reparations and Costs, Judgment, Inter-Am. Ct. H.R. (ser. C) No. 125, \u00b6 153 (Jun. 17, 2005).<\/span><\/span><span data-contrast=\"auto\">\u00a0<\/span><span data-ccp-props=\"{&quot;201341983&quot;:0,&quot;335559740&quot;:480}\">\u00a0<\/span><\/p>\n<p><span data-contrast=\"auto\">Another key instrument of the IAHR System is the American Declaration on the Rights of Indigenous Peoples (\u201cADRIP\u201d).<\/span><span data-contrast=\"auto\"><sup class=\"modern-footnotes-footnote modern-footnotes-footnote--expands-on-desktop \" data-mfn=\"12\" data-mfn-post-scope=\"00000000000006520000000000000000_3149\"><a href=\"javascript:void(0)\"  role=\"button\" aria-pressed=\"false\" aria-describedby=\"mfn-content-00000000000006520000000000000000_3149-12\">12<\/a><\/sup><span id=\"mfn-content-00000000000006520000000000000000_3149-12\" role=\"tooltip\" class=\"modern-footnotes-footnote__note\" tabindex=\"0\" data-mfn=\"12\">The adoption of the Declaration was accompanied by the U.S.\u2019s objection, and the \u201cnon-position\u201d of Canada. Organization of American States, American Declaration on the Rights of Indigenous Peoples, AG\/RES.2888 (XLVI-O\/16) (Jun. 15, 2016).<\/span><\/span><span data-contrast=\"auto\">\u00a0Although ADRIP is not a legally binding instrument, its provisions reflect emerging norms on indigenous peoples\u2019 rights in the Americas and may inform the content of rights prescribed in the American Convention.<\/span><span data-contrast=\"auto\"><sup class=\"modern-footnotes-footnote modern-footnotes-footnote--expands-on-desktop \" data-mfn=\"13\" data-mfn-post-scope=\"00000000000006520000000000000000_3149\"><a href=\"javascript:void(0)\"  role=\"button\" aria-pressed=\"false\" aria-describedby=\"mfn-content-00000000000006520000000000000000_3149-13\">13<\/a><\/sup><span id=\"mfn-content-00000000000006520000000000000000_3149-13\" role=\"tooltip\" class=\"modern-footnotes-footnote__note\" tabindex=\"0\" data-mfn=\"13\">Mayagna (Sumo) Awas Tingni Community v. Nicaragua, Merits, Reparations and Costs, Judgment, Inter-Am. Ct. H.R. (ser. C) No. 79, \u00b6 8 (Aug. 31, 2001) (Sep, Opinion of J. Sergio Garc\u00eda Ram\u00edrez). <\/span><\/span><span data-ccp-props=\"{&quot;201341983&quot;:0,&quot;335559731&quot;:720,&quot;335559740&quot;:480}\">\u00a0<\/span><\/p>\n<p><span data-contrast=\"auto\">As for the organs of the IAHR System, the Inter-American Court, an autonomous judicial institution of the OAS, is the most important for purposes of this essay. The Inter-American Court is charged with applying and interpreting the American Convention and may adjudicate both contentious cases and advisory cases.\u00a0 <\/span><span data-ccp-props=\"{&quot;201341983&quot;:0,&quot;335559731&quot;:720,&quot;335559740&quot;:480}\">\u00a0<\/span><\/p>\n<p><span data-contrast=\"auto\">The Inter-American Commission on Human Rights is another principal organ of the IAHR System. It is tasked with many competencies, such as analyzing and investigating alleged violations of the American Convention, and, in fulfilling its mandate, the Inter-American Commission often provides persuasive interpretations of the American Convention.<\/span><span data-contrast=\"auto\"><sup class=\"modern-footnotes-footnote modern-footnotes-footnote--expands-on-desktop \" data-mfn=\"14\" data-mfn-post-scope=\"00000000000006520000000000000000_3149\"><a href=\"javascript:void(0)\"  role=\"button\" aria-pressed=\"false\" aria-describedby=\"mfn-content-00000000000006520000000000000000_3149-14\">14<\/a><\/sup><span id=\"mfn-content-00000000000006520000000000000000_3149-14\" role=\"tooltip\" class=\"modern-footnotes-footnote__note\" tabindex=\"0\" data-mfn=\"14\">American Convention, 1144 U.N.T.S. 123, arts. 44, 46. <\/span><\/span><span data-contrast=\"auto\">\u00a0<\/span><span data-ccp-props=\"{&quot;201341983&quot;:0,&quot;335559731&quot;:720,&quot;335559740&quot;:480}\">\u00a0<\/span><\/p>\n<p style=\"padding-left: 40px\"><strong>B. Indigenous Peoples \u00a0<\/strong><\/p>\n<p><span data-contrast=\"auto\">Some OAS member States have adopted formal definitions of \u201cindigenous peoples\u201d in national legislation pertaining to indigenous peoples\u2019 rights.<\/span><span data-contrast=\"auto\"><sup class=\"modern-footnotes-footnote modern-footnotes-footnote--expands-on-desktop \" data-mfn=\"15\" data-mfn-post-scope=\"00000000000006520000000000000000_3149\"><a href=\"javascript:void(0)\"  role=\"button\" aria-pressed=\"false\" aria-describedby=\"mfn-content-00000000000006520000000000000000_3149-15\">15<\/a><\/sup><span id=\"mfn-content-00000000000006520000000000000000_3149-15\" role=\"tooltip\" class=\"modern-footnotes-footnote__note\" tabindex=\"0\" data-mfn=\"15\">See Inter-American Comm\u2019n on Hum. Rts., Indigenous Peoples, Afro-Descendent Communities, and Natural Resources: Human Rights Protection in the Context of Extraction, Exploitation, and Development Activities (Dec. 13, 2015); Report of the Special Rapporteur on the situation of human rights and fundamental freedoms of indigenous people, Mr. Rodolfo Stavenhagen, \u00b6 93, U.N. Doc. E\/CN.4\/2002\/97 (Feb. 4, 2002).<\/span><\/span><span data-contrast=\"auto\">\u00a0However, neither the American Convention nor international law generally provide a precise definition of \u201cindigenous peoples\u201d for determining what groups can benefit from the distinct legal rights and protections extended to indigenous peoples under international law. In absence of a precise definition, the Inter-American Court and the Inter-American Commission have applied a flexible standard under which self-identification is a principal factor in determining whether a group is indigenous.<\/span><span data-contrast=\"auto\"><sup class=\"modern-footnotes-footnote modern-footnotes-footnote--expands-on-desktop \" data-mfn=\"16\" data-mfn-post-scope=\"00000000000006520000000000000000_3149\"><a href=\"javascript:void(0)\"  role=\"button\" aria-pressed=\"false\" aria-describedby=\"mfn-content-00000000000006520000000000000000_3149-16\">16<\/a><\/sup><span id=\"mfn-content-00000000000006520000000000000000_3149-16\" role=\"tooltip\" class=\"modern-footnotes-footnote__note\" tabindex=\"0\" data-mfn=\"16\">See X\u00e1kmok K\u00e1sek Indigenous Community v. Paraguay, Merits, Reparations and Costs, Judgment, Inter-Am. Ct. H.R. (ser. C) No. 214, \u00b6 37 (Aug. 24, 2010); @Inter-American Commission, Indigenous and Tribal Peoples\u2019 Rights Over Their Ancestral Lands and Natural Resources, \u00b6 25 (Dec. 30, 2009).<\/span><\/span><span data-contrast=\"auto\">\u00a0The Court may also consider objective criteria, such as whether a group has distinct social, economic, cultural and political institutions and whether a group descends from a society that inhabited the territory or region the group calls home prior to colonization, conquest, or the establishment of contemporary State boundaries.<\/span><span data-contrast=\"auto\"><sup class=\"modern-footnotes-footnote modern-footnotes-footnote--expands-on-desktop \" data-mfn=\"17\" data-mfn-post-scope=\"00000000000006520000000000000000_3149\"><a href=\"javascript:void(0)\"  role=\"button\" aria-pressed=\"false\" aria-describedby=\"mfn-content-00000000000006520000000000000000_3149-17\">17<\/a><\/sup><span id=\"mfn-content-00000000000006520000000000000000_3149-17\" role=\"tooltip\" class=\"modern-footnotes-footnote__note\" tabindex=\"0\" data-mfn=\"17\">See Antkowiak, supra note 8, at 139; see also Int\u2019l Labour Org. (\u201cILO\u201d), Indigenous and Tribal Peoples Convention, C169, art. 1(1) (Jun. 27, 1989).<\/span><\/span><span data-contrast=\"auto\">\u00a0\u00a0<\/span><span data-ccp-props=\"{&quot;201341983&quot;:0,&quot;335559731&quot;:720,&quot;335559740&quot;:480}\">\u00a0<\/span><\/p>\n<p style=\"padding-left: 40px\"><strong>C. Indigenous Peoples\u2019 Lands and Territories \u00a0<\/strong><\/p>\n<p><span data-contrast=\"auto\">Among indigenous peoples in Latin America there is a communitarian tradition regarding property interests in land and natural resources.<\/span><span data-contrast=\"auto\"><sup class=\"modern-footnotes-footnote modern-footnotes-footnote--expands-on-desktop \" data-mfn=\"18\" data-mfn-post-scope=\"00000000000006520000000000000000_3149\"><a href=\"javascript:void(0)\"  role=\"button\" aria-pressed=\"false\" aria-describedby=\"mfn-content-00000000000006520000000000000000_3149-18\">18<\/a><\/sup><span id=\"mfn-content-00000000000006520000000000000000_3149-18\" role=\"tooltip\" class=\"modern-footnotes-footnote__note\" tabindex=\"0\" data-mfn=\"18\">Mayagna, supra note 13, \u00b6 149 (\u201cownership of the land is not centered on an individual but rather on the group and its community\u201d).<\/span><\/span><span data-contrast=\"auto\">\u00a0Ownership of natural resources and land is centered on the community or peoples rather than individuals. Moreover, indigenous peoples\u2019 communal nexus with land and natural resources \u201cis not merely a matter of possession and production, but rather consists in material and spiritual elements.\u201d<\/span><span data-contrast=\"auto\"><sup class=\"modern-footnotes-footnote modern-footnotes-footnote--expands-on-desktop \" data-mfn=\"19\" data-mfn-post-scope=\"00000000000006520000000000000000_3149\"><a href=\"javascript:void(0)\"  role=\"button\" aria-pressed=\"false\" aria-describedby=\"mfn-content-00000000000006520000000000000000_3149-19\">19<\/a><\/sup><span id=\"mfn-content-00000000000006520000000000000000_3149-19\" role=\"tooltip\" class=\"modern-footnotes-footnote__note\" tabindex=\"0\" data-mfn=\"19\">Moiwana Community v. Suriname, Preliminary Objections, Merits, Reparations and Costs, Judgment, Inter-Am. Ct. H.R. (ser. C) No. 124, \u00b6 131 (Jun. 15, 2005).<\/span><\/span><span data-contrast=\"auto\">\u00a0The Inter-American Court has explained that \u201cland is closely linked to [indigenous communities\u2019] oral expressions and traditions, their customs and languages, their arts and rituals, their knowledge and practices in connection with nature, culinary art, customary law, dress, philosophy, and values.\u201d<\/span><span data-contrast=\"auto\"><sup class=\"modern-footnotes-footnote modern-footnotes-footnote--expands-on-desktop \" data-mfn=\"20\" data-mfn-post-scope=\"00000000000006520000000000000000_3149\"><a href=\"javascript:void(0)\"  role=\"button\" aria-pressed=\"false\" aria-describedby=\"mfn-content-00000000000006520000000000000000_3149-20\">20<\/a><\/sup><span id=\"mfn-content-00000000000006520000000000000000_3149-20\" role=\"tooltip\" class=\"modern-footnotes-footnote__note\" tabindex=\"0\" data-mfn=\"20\">Yakye Axa, supra note 11, \u00b6 154.<\/span><\/span><span data-contrast=\"auto\">\u00a0Indigenous communities\u2019 lands have also traditionally been communities\u2019 main means of subsistence.<\/span><span data-contrast=\"auto\"><sup class=\"modern-footnotes-footnote modern-footnotes-footnote--expands-on-desktop \" data-mfn=\"21\" data-mfn-post-scope=\"00000000000006520000000000000000_3149\"><a href=\"javascript:void(0)\"  role=\"button\" aria-pressed=\"false\" aria-describedby=\"mfn-content-00000000000006520000000000000000_3149-21\">21<\/a><\/sup><span id=\"mfn-content-00000000000006520000000000000000_3149-21\" role=\"tooltip\" class=\"modern-footnotes-footnote__note\" tabindex=\"0\" data-mfn=\"21\">See X\u00e1kmok K\u00e1sek, supra note 16, \u00b6 174.<\/span><\/span><span data-contrast=\"auto\">\u00a0Throughout this essay, the terms \u201cterritories\u201d and \u201clands\u201d are used broadly to include the total environment of the areas that an indigenous group occupies or uses (<\/span><i><span data-contrast=\"auto\">e.g.<\/span><\/i><span data-contrast=\"auto\">, for cultural, spiritual, or subsistence activities).<\/span><span data-contrast=\"auto\"><sup class=\"modern-footnotes-footnote modern-footnotes-footnote--expands-on-desktop \" data-mfn=\"22\" data-mfn-post-scope=\"00000000000006520000000000000000_3149\"><a href=\"javascript:void(0)\"  role=\"button\" aria-pressed=\"false\" aria-describedby=\"mfn-content-00000000000006520000000000000000_3149-22\">22<\/a><\/sup><span id=\"mfn-content-00000000000006520000000000000000_3149-22\" role=\"tooltip\" class=\"modern-footnotes-footnote__note\" tabindex=\"0\" data-mfn=\"22\">Indigenous and Tribal Peoples\u2019 Rights Over Their Ancestral Lands and Natural Resources, supra note 16, \u00b6\u00b6 39\u201340.<\/span><\/span>\u00a0<span data-ccp-props=\"{&quot;201341983&quot;:0,&quot;335559731&quot;:720,&quot;335559740&quot;:480}\">\u00a0<\/span><\/p>\n<p><b><span data-contrast=\"auto\">II. The Established Scope of Indigenous Peoples\u2019 Property Rights under the American Convention<\/span><\/b><span data-ccp-props=\"{&quot;201341983&quot;:0,&quot;335559740&quot;:240}\">\u00a0<\/span><\/p>\n<p><span data-contrast=\"auto\">Under Article 21 of the American Convention, indigenous peoples have a communal (or collective) right to property. Additionally, States Parties have a positive obligation to undertake measures to protect and ensure indigenous peoples\u2019 enjoyment of this right, particularly with respect to their lands and resources.<\/span><span data-ccp-props=\"{&quot;201341983&quot;:0,&quot;335559731&quot;:720,&quot;335559740&quot;:480}\">\u00a0<\/span><\/p>\n<p style=\"padding-left: 40px\"><strong>A.Indigenous Peoples\u2019 Communal Right to Property\u00a0<\/strong><\/p>\n<p><span data-contrast=\"auto\">Article 21 of the American Convention provides that \u201c[e]veryone has the right to the use and enjoyment of his property . . . .\u201d Although indigenous peoples\u2019 concept of land ownership may be distinguishable from the dominant Western notion of property, the Inter-American Court has consistently held that Article 21 protects indigenous peoples&#8217; communal ownership of their ancestral lands.<\/span><span data-contrast=\"auto\"><sup class=\"modern-footnotes-footnote modern-footnotes-footnote--expands-on-desktop \" data-mfn=\"23\" data-mfn-post-scope=\"00000000000006520000000000000000_3149\"><a href=\"javascript:void(0)\"  role=\"button\" aria-pressed=\"false\" aria-describedby=\"mfn-content-00000000000006520000000000000000_3149-23\">23<\/a><\/sup><span id=\"mfn-content-00000000000006520000000000000000_3149-23\" role=\"tooltip\" class=\"modern-footnotes-footnote__note\" tabindex=\"0\" data-mfn=\"23\">See Mayagna, supra note 13, \u00b6 148.<\/span><\/span><span data-contrast=\"auto\">\u00a0One of the principal rationales underlying the Court\u2019s reasoning is that:<\/span><span data-ccp-props=\"{&quot;201341983&quot;:0,&quot;335559731&quot;:720,&quot;335559740&quot;:480}\">\u00a0<\/span><\/p>\n<p style=\"padding-left: 40px\"><span data-contrast=\"auto\">failing to recognize the specific versions of the right to use and enjoyment of property that emanate from the culture, practices, customs and beliefs of each people would be equivalent to maintaining that there is only one way of using and enjoying property and this, in turn, would make the protection granted by Article 21 of the Convention meaningless for millions of individuals.<\/span><span data-contrast=\"auto\"><sup class=\"modern-footnotes-footnote modern-footnotes-footnote--expands-on-desktop \" data-mfn=\"24\" data-mfn-post-scope=\"00000000000006520000000000000000_3149\"><a href=\"javascript:void(0)\"  role=\"button\" aria-pressed=\"false\" aria-describedby=\"mfn-content-00000000000006520000000000000000_3149-24\">24<\/a><\/sup><span id=\"mfn-content-00000000000006520000000000000000_3149-24\" role=\"tooltip\" class=\"modern-footnotes-footnote__note\" tabindex=\"0\" data-mfn=\"24\">X\u00e1kmok K\u00e1sek, supra note 16, \u00b6 87.<\/span><\/span><span data-ccp-props=\"{&quot;201341983&quot;:0,&quot;335559685&quot;:720,&quot;335559737&quot;:720,&quot;335559740&quot;:240}\">\u00a0<\/span><span data-ccp-props=\"{&quot;201341983&quot;:0,&quot;335559685&quot;:720,&quot;335559737&quot;:720,&quot;335559740&quot;:240}\">\u00a0<\/span><\/p>\n<p><span data-contrast=\"auto\">The Inter-American Court has further clarified that Article 21 protects indigenous peoples\u2019 property interests in the natural resources they have traditionally used, as well as those resources necessary for their survival and development as peoples.<\/span><span data-contrast=\"auto\"><sup class=\"modern-footnotes-footnote modern-footnotes-footnote--expands-on-desktop \" data-mfn=\"25\" data-mfn-post-scope=\"00000000000006520000000000000000_3149\"><a href=\"javascript:void(0)\"  role=\"button\" aria-pressed=\"false\" aria-describedby=\"mfn-content-00000000000006520000000000000000_3149-25\">25<\/a><\/sup><span id=\"mfn-content-00000000000006520000000000000000_3149-25\" role=\"tooltip\" class=\"modern-footnotes-footnote__note\" tabindex=\"0\" data-mfn=\"25\">Saramaka People. v. Suriname, Preliminary Objections, Merits, Reparations, and Costs, Judgment, Inter-Am. Ct. H.R. (ser. C) No.172, \u00b6\u00b6 121\u201322 (Nov. 28, 2007); see also Kali\u00f1a &amp; Lokono Peoples v. Suriname, Merits, Reparations and Costs, Judgment, Inter-Am. Ct. H.R. (ser. C) No. 309, \u00b6 139 (Nov. 25, 2015) (\u201c[T]here may be other complementary or additional traditional areas to which [indigenous peoples] have had access for their traditional or subsistence activities (which may have other purposes), regarding which they should be ensured, at least, the necessary access and use.\u201d).<\/span><\/span><span data-contrast=\"auto\">\u00a0In <\/span><i><span data-contrast=\"auto\">Saramaka People v. Suriname<\/span><\/i><span data-contrast=\"auto\"> (\u201c<\/span><i><span data-contrast=\"auto\">Saramaka<\/span><\/i><span data-contrast=\"auto\">\u201d), the Court explained that \u201cmembers of . . . indigenous communities have the right to own the natural resources they have traditionally used within the[ir] territory . . . [because] [w]ithout them, the very physical and cultural survival of such peoples is at stake,\u201d and . . . [indigenous communities\u2019] right to use and enjoy their territory would be meaningless . . . if said right were not connected to the natural resources that lie on and within the land.\u201d<\/span><span data-contrast=\"auto\"><sup class=\"modern-footnotes-footnote modern-footnotes-footnote--expands-on-desktop \" data-mfn=\"26\" data-mfn-post-scope=\"00000000000006520000000000000000_3149\"><a href=\"javascript:void(0)\"  role=\"button\" aria-pressed=\"false\" aria-describedby=\"mfn-content-00000000000006520000000000000000_3149-26\">26<\/a><\/sup><span id=\"mfn-content-00000000000006520000000000000000_3149-26\" role=\"tooltip\" class=\"modern-footnotes-footnote__note\" tabindex=\"0\" data-mfn=\"26\">Saramaka, supra note 25, \u00b6\u00b6 121\u201322. <\/span><\/span><span data-contrast=\"auto\">\u00a0The Court further reasoned that indigenous peoples have protected property interests in natural resources because Article 21 of the American Convention must be interpreted consistently with the right to self-determination under common Article 1 of the ICCPR and the International Covenant on Economic, Social and Cultural Rights (\u201cICESCR\u201d), which provides that peoples may \u201cfreely pursue their economic, social and cultural development,\u201d and \u201cfreely dispose of their natural wealth and resources\u201d so as not to be \u201cdeprived of [their] own means of subsistence.<\/span><span data-contrast=\"auto\"><sup class=\"modern-footnotes-footnote modern-footnotes-footnote--expands-on-desktop \" data-mfn=\"27\" data-mfn-post-scope=\"00000000000006520000000000000000_3149\"><a href=\"javascript:void(0)\"  role=\"button\" aria-pressed=\"false\" aria-describedby=\"mfn-content-00000000000006520000000000000000_3149-27\">27<\/a><\/sup><span id=\"mfn-content-00000000000006520000000000000000_3149-27\" role=\"tooltip\" class=\"modern-footnotes-footnote__note\" tabindex=\"0\" data-mfn=\"27\">Saramaka, supra note 25, \u00b6 93; see also Antkowiak, supra note 8, at 152 (arguing that Saramaka \u201cradically expands the content of Article 21,\u201d and that, under the Saramaka decision, Article 21 is \u201ceffectively . . . the self-determination norm of the American Convention\u201d).<\/span><\/span><span data-contrast=\"auto\">\u00a0\u00a0<\/span><span data-ccp-props=\"{&quot;201341983&quot;:0,&quot;335559731&quot;:720,&quot;335559740&quot;:480}\">\u00a0<\/span><\/p>\n<p><span data-contrast=\"auto\">Nevertheless, indigenous communities\u2019 property rights under Article 21 are not absolute.\u00a0 A State may restrict their property rights where the restrictions are: (a) previously established by law; (b) necessary; (c) comport with the principle of proportionality; and (d) aimed at achieving a legitimate objective in a democratic society.<\/span><span data-contrast=\"auto\"><sup class=\"modern-footnotes-footnote modern-footnotes-footnote--expands-on-desktop \" data-mfn=\"28\" data-mfn-post-scope=\"00000000000006520000000000000000_3149\"><a href=\"javascript:void(0)\"  role=\"button\" aria-pressed=\"false\" aria-describedby=\"mfn-content-00000000000006520000000000000000_3149-28\">28<\/a><\/sup><span id=\"mfn-content-00000000000006520000000000000000_3149-28\" role=\"tooltip\" class=\"modern-footnotes-footnote__note\" tabindex=\"0\" data-mfn=\"28\">See Saramaka, supra note 25, \u00b6 127; Yakye Axa, supra note 11, \u00b6\u00b6 144\u201357.<\/span><\/span><span data-contrast=\"auto\">\u00a0In <\/span><i><span data-contrast=\"auto\">Saramaka<\/span><\/i><span data-contrast=\"auto\">, the Inter-American Court added that \u201cin analyzing whether restrictions on the property right of members of indigenous . . . peoples are permissible . . . another crucial factor to be considered is whether the restriction amounts to a denial of their traditions and customs in a way that endangers the very survival of the group and of its members.\u201d<\/span><span data-contrast=\"auto\"><sup class=\"modern-footnotes-footnote modern-footnotes-footnote--expands-on-desktop \" data-mfn=\"29\" data-mfn-post-scope=\"00000000000006520000000000000000_3149\"><a href=\"javascript:void(0)\"  role=\"button\" aria-pressed=\"false\" aria-describedby=\"mfn-content-00000000000006520000000000000000_3149-29\">29<\/a><\/sup><span id=\"mfn-content-00000000000006520000000000000000_3149-29\" role=\"tooltip\" class=\"modern-footnotes-footnote__note\" tabindex=\"0\" data-mfn=\"29\">Saramaka, supra note 25, \u00b6 128.<\/span><\/span><span data-contrast=\"auto\">\u00a0The court also held in <\/span><i><span data-contrast=\"auto\">Yakye Axa Indigenous Community v. Paraguay <\/span><\/i><span data-contrast=\"auto\">(\u201c<\/span><i><span data-contrast=\"auto\">Yakye Axa<\/span><\/i><span data-contrast=\"auto\">\u201d) that:\u00a0<\/span><span data-ccp-props=\"{&quot;201341983&quot;:0,&quot;335559731&quot;:720,&quot;335559740&quot;:480}\">\u00a0<\/span><\/p>\n<p style=\"padding-left: 40px\"><span data-contrast=\"auto\">When [States] apply the[] [Article 21 factors] to clashes between private property and claims for ancestral property by the members of indigenous communities, . . . States must take into account that indigenous territorial rights encompass a broader and different concept that relates to the collective right to survival as an organized people, with control over their habitat as a necessary condition for reproduction of their culture, for their own development and to carry out their life aspirations.<\/span><span data-contrast=\"auto\"><sup class=\"modern-footnotes-footnote modern-footnotes-footnote--expands-on-desktop \" data-mfn=\"30\" data-mfn-post-scope=\"00000000000006520000000000000000_3149\"><a href=\"javascript:void(0)\"  role=\"button\" aria-pressed=\"false\" aria-describedby=\"mfn-content-00000000000006520000000000000000_3149-30\">30<\/a><\/sup><span id=\"mfn-content-00000000000006520000000000000000_3149-30\" role=\"tooltip\" class=\"modern-footnotes-footnote__note\" tabindex=\"0\" data-mfn=\"30\">Yakye Axa, supra note 11, \u00b6\u00b6 146\u201357.<\/span><\/span><span data-ccp-props=\"{&quot;201341983&quot;:0,&quot;335559685&quot;:720,&quot;335559737&quot;:720,&quot;335559740&quot;:240}\">\u00a0<\/span><\/p>\n<p><span data-contrast=\"auto\">In other words, given their special relationship with their lands and resources, there is a heightened standard for restricting indigenous peoples\u2019 property rights and interests as compared to the standard for restricting general private party property rights and interests.<\/span><span data-ccp-props=\"{&quot;201341983&quot;:0,&quot;335559731&quot;:720,&quot;335559737&quot;:720,&quot;335559740&quot;:480}\">\u00a0<\/span><\/p>\n<p style=\"padding-left: 40px\"><strong>B.Special Measures to Guarantee Indigenous Peoples\u2019 Right to Their Lands \u00a0<\/strong><\/p>\n<p><span data-contrast=\"auto\">Articles 1(1) and 2 of the American Convention help conceptualize the scope of States Parties duties with respect to the human rights enshrined in the treaty. Article 1(1) of the American Convention states that:\u00a0<\/span><span data-ccp-props=\"{&quot;201341983&quot;:0,&quot;335559731&quot;:720,&quot;335559740&quot;:480}\">\u00a0<\/span><\/p>\n<p style=\"padding-left: 40px\"><span data-contrast=\"auto\">States Parties to this Convention undertake to respect the rights and freedoms recognized herein and to ensure to all persons subject to their jurisdiction the free and full exercise of those rights and freedoms, without any discrimination for reasons of race, color, sex, language, religion, political or other opinion, national or social origin, economic status, birth, or any other social condition.<\/span><span data-contrast=\"auto\"><sup class=\"modern-footnotes-footnote modern-footnotes-footnote--expands-on-desktop \" data-mfn=\"31\" data-mfn-post-scope=\"00000000000006520000000000000000_3149\"><a href=\"javascript:void(0)\"  role=\"button\" aria-pressed=\"false\" aria-describedby=\"mfn-content-00000000000006520000000000000000_3149-31\">31<\/a><\/sup><span id=\"mfn-content-00000000000006520000000000000000_3149-31\" role=\"tooltip\" class=\"modern-footnotes-footnote__note\" tabindex=\"0\" data-mfn=\"31\">See Mapirip\u00e1n Massacre v. Colombia, Merits, Reparations and Costs, Judgment, Inter-Am. Ct. H.R. (ser. C) No. 134, \u00b6 111 (Sept. 15, 2005).<\/span><\/span><span data-contrast=\"auto\">\u00a0\u00a0<\/span><span data-ccp-props=\"{&quot;201341983&quot;:0,&quot;335559685&quot;:720,&quot;335559737&quot;:720,&quot;335559740&quot;:240}\">\u00a0<\/span><\/p>\n<p><span data-contrast=\"auto\">The obligation to ensure rights contained therein means that States Parties must take appropriate steps to protect and preserve the rights under the treaty;<\/span><span data-contrast=\"auto\"><sup class=\"modern-footnotes-footnote modern-footnotes-footnote--expands-on-desktop \" data-mfn=\"32\" data-mfn-post-scope=\"00000000000006520000000000000000_3149\"><a href=\"javascript:void(0)\"  role=\"button\" aria-pressed=\"false\" aria-describedby=\"mfn-content-00000000000006520000000000000000_3149-32\">32<\/a><\/sup><span id=\"mfn-content-00000000000006520000000000000000_3149-32\" role=\"tooltip\" class=\"modern-footnotes-footnote__note\" tabindex=\"0\" data-mfn=\"32\">See The Environment and Human Rights (State obligations in relation to the environment in the context of the protection and guarantee of the rights to life and to personal integrity \u2013 interpretation and scope of Articles 4(1) and 5(1) of the American Convention on Human Rights), Advisory Opinion OC-23\/17, Inter-Am. Ct. H.R. (ser. A) No. 23, \u00b6\u00b6 118, 121 (Nov. 15, 2017); see also Inter-Am. Comm\u2019n on Hum Rts., Report on the Situation of Human Rights in Ecuador, OEA\/Ser.L\/V\/II.96, doc 10 rev. 1, ch. VIII (1997) (\u201cSevere environmental pollution may pose a threat to human life and health, and in the appropriate case give rise to an obligation on the part of a state to take reasonable measures to prevent such risk, or the necessary measures to respond when persons have suffered injury.\u201d). <\/span><\/span><span data-contrast=\"auto\">\u00a0it \u201calso means that States must take positive measures to permit as well as to help private individuals exercise their rights.\u201d<\/span><span data-contrast=\"auto\"><sup class=\"modern-footnotes-footnote modern-footnotes-footnote--expands-on-desktop \" data-mfn=\"33\" data-mfn-post-scope=\"00000000000006520000000000000000_3149\"><a href=\"javascript:void(0)\"  role=\"button\" aria-pressed=\"false\" aria-describedby=\"mfn-content-00000000000006520000000000000000_3149-33\">33<\/a><\/sup><span id=\"mfn-content-00000000000006520000000000000000_3149-33\" role=\"tooltip\" class=\"modern-footnotes-footnote__note\" tabindex=\"0\" data-mfn=\"33\">Advisory Opinion OC-23\/17, supra note 32, \u00b6 121.<\/span><\/span><span data-ccp-props=\"{&quot;201341983&quot;:0,&quot;335559740&quot;:480}\">\u00a0<\/span><\/p>\n<p><span data-contrast=\"auto\">Article 2 of the American Convention complements Article 1(1). This provision \u201cobliges States Parties to adopt, in accordance with their constitutional processes and the provisions of [the American Convention], such legislative or other measures as may be necessary to give effect to the rights or freedoms protected therein.\u201d<\/span><span data-contrast=\"auto\"><sup class=\"modern-footnotes-footnote modern-footnotes-footnote--expands-on-desktop \" data-mfn=\"34\" data-mfn-post-scope=\"00000000000006520000000000000000_3149\"><a href=\"javascript:void(0)\"  role=\"button\" aria-pressed=\"false\" aria-describedby=\"mfn-content-00000000000006520000000000000000_3149-34\">34<\/a><\/sup><span id=\"mfn-content-00000000000006520000000000000000_3149-34\" role=\"tooltip\" class=\"modern-footnotes-footnote__note\" tabindex=\"0\" data-mfn=\"34\">American Convention, 1144 U.N.T.S. 123 , art. 2; see also Advisory Opinion OC-23\/17, supra note 32, \u00b6\u00b6 146\u201347 (\u201cGiven the relationship between protection of the environment and human rights . . . , all States must regulate this matter and take other similar measures to prevent significant damage to the environment.\u201d). <\/span><\/span><span data-contrast=\"auto\">\u00a0This obligation \u201cis not limited to the constitutional or legislative text, but must extend to all legal provisions of a regulatory nature and result in effective practical implementation.\u201d<\/span><span data-contrast=\"auto\"><sup class=\"modern-footnotes-footnote modern-footnotes-footnote--expands-on-desktop \" data-mfn=\"35\" data-mfn-post-scope=\"00000000000006520000000000000000_3149\"><a href=\"javascript:void(0)\"  role=\"button\" aria-pressed=\"false\" aria-describedby=\"mfn-content-00000000000006520000000000000000_3149-35\">35<\/a><\/sup><span id=\"mfn-content-00000000000006520000000000000000_3149-35\" role=\"tooltip\" class=\"modern-footnotes-footnote__note\" tabindex=\"0\" data-mfn=\"35\">Advisory Opinion OC-23\/17, supra note 32, \u00b6 146. <\/span><\/span><span data-ccp-props=\"{&quot;201341983&quot;:0,&quot;335559731&quot;:720,&quot;335559740&quot;:480}\">\u00a0<\/span><\/p>\n<p><span data-contrast=\"auto\">Read in conjunction with Articles 1(1) and 2 of the American Convention, Article 21 obligates State Parties to affirmatively adopt measures to protect and ensure the right to property for all rights bearers. Additionally, under the Inter-American Court\u2019s jurisprudence, it is well-established that these treaty provisions \u201cplace[] upon States a positive obligation to adopt special measures that guarantee members of indigenous . . . peoples the full and equal exercise of their right to the territories they have traditionally used and occupied.\u201d<\/span><span data-contrast=\"auto\"><sup class=\"modern-footnotes-footnote modern-footnotes-footnote--expands-on-desktop \" data-mfn=\"36\" data-mfn-post-scope=\"00000000000006520000000000000000_3149\"><a href=\"javascript:void(0)\"  role=\"button\" aria-pressed=\"false\" aria-describedby=\"mfn-content-00000000000006520000000000000000_3149-36\">36<\/a><\/sup><span id=\"mfn-content-00000000000006520000000000000000_3149-36\" role=\"tooltip\" class=\"modern-footnotes-footnote__note\" tabindex=\"0\" data-mfn=\"36\">Saramaka, supra note 25, \u00b6\u00b6 91, 96. <\/span><\/span><span data-contrast=\"auto\">\u00a0The court has reasoned that indigenous peoples\u2019 relationship with their lands requires greater protections than those afforded to the general populace due to historical marginalization and discrimination against indigenous peoples<\/span><span data-contrast=\"auto\"><sup class=\"modern-footnotes-footnote modern-footnotes-footnote--expands-on-desktop \" data-mfn=\"37\" data-mfn-post-scope=\"00000000000006520000000000000000_3149\"><a href=\"javascript:void(0)\"  role=\"button\" aria-pressed=\"false\" aria-describedby=\"mfn-content-00000000000006520000000000000000_3149-37\">37<\/a><\/sup><span id=\"mfn-content-00000000000006520000000000000000_3149-37\" role=\"tooltip\" class=\"modern-footnotes-footnote__note\" tabindex=\"0\" data-mfn=\"37\">See Indigenous and Tribal Peoples\u2019 Rights Over Their Ancestral Lands and Natural Resources, supra note 16.<\/span><\/span><span data-contrast=\"auto\">\u00a0and indigenous communities\u2019 dependence on their lands for their physical and cultural survival.<\/span><span data-contrast=\"auto\"><sup class=\"modern-footnotes-footnote modern-footnotes-footnote--expands-on-desktop \" data-mfn=\"38\" data-mfn-post-scope=\"00000000000006520000000000000000_3149\"><a href=\"javascript:void(0)\"  role=\"button\" aria-pressed=\"false\" aria-describedby=\"mfn-content-00000000000006520000000000000000_3149-38\">38<\/a><\/sup><span id=\"mfn-content-00000000000006520000000000000000_3149-38\" role=\"tooltip\" class=\"modern-footnotes-footnote__note\" tabindex=\"0\" data-mfn=\"38\">See Saramaka, supra note 25, \u00b6\u00b6 85, 103 ns.103, 121\u201322 (\u201c[M]embers of indigenous and tribal communities require special measures that guarantee the full exercise of their rights, particularly with regards to their enjoyment of property rights, in order to safeguard their physical and cultural survival.\u201d); Kuna Indigenous People of Madungand\u00ed and the Ember\u00e1 Indigenous People of Bayano and their members v. Panama, Preliminary Objections, Merits, Reparations and Costs, Judgment, Inter-Am. Ct. H.R. (ser. C) No. 284., \u00b6 112 (Oct. 14, 2014).<\/span><\/span><span data-contrast=\"auto\">\u00a0States Parties must act with due diligence in fulfilling their positive obligations.<\/span><span data-contrast=\"auto\"><sup class=\"modern-footnotes-footnote modern-footnotes-footnote--expands-on-desktop \" data-mfn=\"39\" data-mfn-post-scope=\"00000000000006520000000000000000_3149\"><a href=\"javascript:void(0)\"  role=\"button\" aria-pressed=\"false\" aria-describedby=\"mfn-content-00000000000006520000000000000000_3149-39\">39<\/a><\/sup><span id=\"mfn-content-00000000000006520000000000000000_3149-39\" role=\"tooltip\" class=\"modern-footnotes-footnote__note\" tabindex=\"0\" data-mfn=\"39\">Advisory Opinion OC-23\/17, supra note 32, \u00b6 123.<\/span><\/span>\u00a0<span data-ccp-props=\"{&quot;201341983&quot;:0,&quot;335559731&quot;:720,&quot;335559740&quot;:480}\">\u00a0<\/span><\/p>\n<p><b><span data-contrast=\"auto\">III. Grounding a Duty to Undertake Climate Adaptive Measures Under Article 21 <\/span><\/b><span data-ccp-props=\"{&quot;201341983&quot;:0,&quot;335559740&quot;:240}\">\u00a0<\/span><\/p>\n<p><span data-contrast=\"auto\">The American Convention does not include express language on climate change or the environment, and the Inter-American Court has yet to directly consider whether State Parties have a duty under Articles 1(1), 2 and 21, read together, to undertake adaptive measures to protect indigenous peoples\u2019 ancestral lands from the foreseeable adverse impacts of climate change.<\/span><span data-contrast=\"auto\"><sup class=\"modern-footnotes-footnote modern-footnotes-footnote--expands-on-desktop \" data-mfn=\"40\" data-mfn-post-scope=\"00000000000006520000000000000000_3149\"><a href=\"javascript:void(0)\"  role=\"button\" aria-pressed=\"false\" aria-describedby=\"mfn-content-00000000000006520000000000000000_3149-40\">40<\/a><\/sup><span id=\"mfn-content-00000000000006520000000000000000_3149-40\" role=\"tooltip\" class=\"modern-footnotes-footnote__note\" tabindex=\"0\" data-mfn=\"40\">However, the Inter-American Commission adopted a non-legally binding resolution in 2021 expressing that \u201cStates must adopt measures to ensure that the climate crisis does not affect or jeopardize the effective protection of the human rights of indigenous peoples . . . such as communal property . . . .\u201d Inter-Am. Comm\u2019n on Hum. Rts., Res. No. 3\/2021, Climate Emergency: Scope of Inter-American Human Rights Obligations, at C(IV.), \u00b6 23 (Dec. 31, 2021).<\/span><\/span><span data-contrast=\"auto\">\u00a0This Section asserts that these treaty provisions obligate States Parties to undertake adaptive measures. Interpreting the American Convention in this manner furthers the object and purpose of the treaty and best reflects recent international human rights law and international environmental law developments.<\/span><span data-ccp-props=\"{&quot;201341983&quot;:0,&quot;335559731&quot;:360,&quot;335559740&quot;:480}\">\u00a0<\/span><span data-ccp-props=\"{&quot;201341983&quot;:0,&quot;335559740&quot;:276}\">\u00a0<\/span><\/p>\n<p style=\"padding-left: 40px\"><strong>A. Climate Adaptive Measures and the Object and Purpose of the American Convention \u00a0<\/strong><\/p>\n<p><span data-contrast=\"auto\">The Inter-American Court has established that \u201cthe object and purpose of [the American Convention] is the protection of the fundamental rights of the human being\u201d,<\/span><span data-contrast=\"auto\"><sup class=\"modern-footnotes-footnote modern-footnotes-footnote--expands-on-desktop \" data-mfn=\"41\" data-mfn-post-scope=\"00000000000006520000000000000000_3149\"><a href=\"javascript:void(0)\"  role=\"button\" aria-pressed=\"false\" aria-describedby=\"mfn-content-00000000000006520000000000000000_3149-41\">41<\/a><\/sup><span id=\"mfn-content-00000000000006520000000000000000_3149-41\" role=\"tooltip\" class=\"modern-footnotes-footnote__note\" tabindex=\"0\" data-mfn=\"41\">Advisory Opinion OC-23\/17, supra note 32, \u00b6 41 (internal quotation marks omitted).<\/span><\/span><span data-contrast=\"auto\">\u00a0and that its \u201cprovisions must . . . be interpreted using a model based on the values that the inter-American system seeks to safeguard, from the \u2018best perspective\u2019 for the protection of the individual\u201d<\/span><span data-contrast=\"auto\"><sup class=\"modern-footnotes-footnote modern-footnotes-footnote--expands-on-desktop \" data-mfn=\"42\" data-mfn-post-scope=\"00000000000006520000000000000000_3149\"><a href=\"javascript:void(0)\"  role=\"button\" aria-pressed=\"false\" aria-describedby=\"mfn-content-00000000000006520000000000000000_3149-42\">42<\/a><\/sup><span id=\"mfn-content-00000000000006520000000000000000_3149-42\" role=\"tooltip\" class=\"modern-footnotes-footnote__note\" tabindex=\"0\" data-mfn=\"42\">Id.<\/span><\/span><span data-contrast=\"auto\">\u00a0and peoples. The court also considers that the American Convention is a \u201clive \u00a0instrument[] whose interpretation must adapt to the evolution of the times and, specifically, to current living conditions.\u201d<\/span><span data-contrast=\"auto\"><sup class=\"modern-footnotes-footnote modern-footnotes-footnote--expands-on-desktop \" data-mfn=\"43\" data-mfn-post-scope=\"00000000000006520000000000000000_3149\"><a href=\"javascript:void(0)\"  role=\"button\" aria-pressed=\"false\" aria-describedby=\"mfn-content-00000000000006520000000000000000_3149-43\">43<\/a><\/sup><span id=\"mfn-content-00000000000006520000000000000000_3149-43\" role=\"tooltip\" class=\"modern-footnotes-footnote__note\" tabindex=\"0\" data-mfn=\"43\">Mayagna, supra note 13, \u00b6 146.<\/span><\/span><span data-contrast=\"auto\">\u00a0Accordingly, the American Convention should not be interpreted to have no practical effect or application in the face of foreseeable climate change-driven degradation of indigenous peoples\u2019 lands and resources. <\/span><span data-ccp-props=\"{&quot;201341983&quot;:0,&quot;335559731&quot;:720,&quot;335559740&quot;:480}\">\u00a0<\/span><\/p>\n<p><span data-contrast=\"auto\">Because their relationship with their lands is \u201cthe fundamental basis of their culture, spiritual life, integrity, and economic survival,\u201d indigenous communities are disproportionately vulnerable to environmental changes.<\/span><span data-contrast=\"auto\"><sup class=\"modern-footnotes-footnote modern-footnotes-footnote--expands-on-desktop \" data-mfn=\"44\" data-mfn-post-scope=\"00000000000006520000000000000000_3149\"><a href=\"javascript:void(0)\"  role=\"button\" aria-pressed=\"false\" aria-describedby=\"mfn-content-00000000000006520000000000000000_3149-44\">44<\/a><\/sup><span id=\"mfn-content-00000000000006520000000000000000_3149-44\" role=\"tooltip\" class=\"modern-footnotes-footnote__note\" tabindex=\"0\" data-mfn=\"44\">See Moiwana, supra note 19, \u00b6 131; Yakye Axa, supra note 11, \u00b6 131. <\/span><\/span><span data-contrast=\"auto\">\u00a0The Inter-American Commission has explained that the degradation of indigenous communities\u2019 lands \u201cinvariably leads to serious loss of life and health and damage to the cultural integrity of indigenous peoples.\u201d<\/span><span data-contrast=\"auto\"><sup class=\"modern-footnotes-footnote modern-footnotes-footnote--expands-on-desktop \" data-mfn=\"45\" data-mfn-post-scope=\"00000000000006520000000000000000_3149\"><a href=\"javascript:void(0)\"  role=\"button\" aria-pressed=\"false\" aria-describedby=\"mfn-content-00000000000006520000000000000000_3149-45\">45<\/a><\/sup><span id=\"mfn-content-00000000000006520000000000000000_3149-45\" role=\"tooltip\" class=\"modern-footnotes-footnote__note\" tabindex=\"0\" data-mfn=\"45\">Report on the Situation of Human Rights in Ecuador, supra note 32, ch. IX.<\/span><\/span>\u00a0<span data-contrast=\"auto\">Moreover, in a recent advisory opinion on the environment and human rights, the Inter-American Court emphasized:<\/span><span data-contrast=\"auto\"><sup class=\"modern-footnotes-footnote modern-footnotes-footnote--expands-on-desktop \" data-mfn=\"46\" data-mfn-post-scope=\"00000000000006520000000000000000_3149\"><a href=\"javascript:void(0)\"  role=\"button\" aria-pressed=\"false\" aria-describedby=\"mfn-content-00000000000006520000000000000000_3149-46\">46<\/a><\/sup><span id=\"mfn-content-00000000000006520000000000000000_3149-46\" role=\"tooltip\" class=\"modern-footnotes-footnote__note\" tabindex=\"0\" data-mfn=\"46\">Advisory Opinion OC-23\/17, supra note 3, \u00b6 48 (referencing Kichwa Indigenous People of Sarayaku v. Ecuador, Merits and Reparations, Judgment, Inter-Am. Ct. H.R. (ser. C) No. 245, \u00b6 147 (Jun. 27, 2012)).<\/span><\/span><span data-ccp-props=\"{&quot;201341983&quot;:0,&quot;335559731&quot;:720,&quot;335559740&quot;:480}\">\u00a0<\/span><\/p>\n<p style=\"padding-left: 40px\"><span data-contrast=\"auto\">that the lack of access to . . . [their] territories and natural resources may expose indigenous communities to precarious and subhuman living conditions and increased vulnerability to disease and epidemics, and subject them to situations of extreme neglect that may result in various violations of their human rights in addition to causing them suffering and undermining the preservation of their way of life, customs and language.<\/span><span data-ccp-props=\"{&quot;201341983&quot;:0,&quot;335559685&quot;:720,&quot;335559737&quot;:720,&quot;335559740&quot;:240}\">\u00a0<\/span><\/p>\n<p><span data-contrast=\"auto\">The Inter-American Court also declared that \u201cenvironmental degradation and the adverse effects of climate change affect the real enjoyment of human rights\u201d,<\/span><span data-contrast=\"auto\"><sup class=\"modern-footnotes-footnote modern-footnotes-footnote--expands-on-desktop \" data-mfn=\"47\" data-mfn-post-scope=\"00000000000006520000000000000000_3149\"><a href=\"javascript:void(0)\"  role=\"button\" aria-pressed=\"false\" aria-describedby=\"mfn-content-00000000000006520000000000000000_3149-47\">47<\/a><\/sup><span id=\"mfn-content-00000000000006520000000000000000_3149-47\" role=\"tooltip\" class=\"modern-footnotes-footnote__note\" tabindex=\"0\" data-mfn=\"47\">Advisory Opinion OC-23\/17, supra note 32, \u00b6 47.<\/span><\/span><span data-contrast=\"auto\">\u00a0and identified the right to property as a substantive right whose enjoyment is particularly vulnerable to environmental degradation.<\/span><span data-contrast=\"auto\"><sup class=\"modern-footnotes-footnote modern-footnotes-footnote--expands-on-desktop \" data-mfn=\"48\" data-mfn-post-scope=\"00000000000006520000000000000000_3149\"><a href=\"javascript:void(0)\"  role=\"button\" aria-pressed=\"false\" aria-describedby=\"mfn-content-00000000000006520000000000000000_3149-48\">48<\/a><\/sup><span id=\"mfn-content-00000000000006520000000000000000_3149-48\" role=\"tooltip\" class=\"modern-footnotes-footnote__note\" tabindex=\"0\" data-mfn=\"48\">Id. \u00b6 64.<\/span><\/span><span data-contrast=\"auto\">\u00a0<\/span><span data-ccp-props=\"{&quot;201341983&quot;:0,&quot;335559740&quot;:480}\">\u00a0<\/span><\/p>\n<p><span data-contrast=\"auto\">It follows that foreseeable climate change-driven environmental degradation necessitates special measures to protect and ensure indigenous communities\u2019 right to their lands and resources. Increasing global average temperatures \u201cwill have major, and predominantly negative, effects on ecosystems across the globe [and] on the goods and services they provide. Already today, climate change is among the most important drivers of ecosystem change.\u201d<\/span><span data-contrast=\"auto\"><sup class=\"modern-footnotes-footnote modern-footnotes-footnote--expands-on-desktop \" data-mfn=\"49\" data-mfn-post-scope=\"00000000000006520000000000000000_3149\"><a href=\"javascript:void(0)\"  role=\"button\" aria-pressed=\"false\" aria-describedby=\"mfn-content-00000000000006520000000000000000_3149-49\">49<\/a><\/sup><span id=\"mfn-content-00000000000006520000000000000000_3149-49\" role=\"tooltip\" class=\"modern-footnotes-footnote__note\" tabindex=\"0\" data-mfn=\"49\">Office of the United Nations High Commissioner for Human Rights, Report on the Relationship Between Climate Change and Human Rights, \u00b6 16, U.N. Doc. A\/HRC\/10\/61 (Jan. 15, 2009); IPCC, Climate Change 2014: Impacts, Adaptation, and Vulnerability 50 (2014). <\/span><\/span><span data-contrast=\"auto\">\u00a0Climate change is shifting animal migration routes, reducing biodiversity, altering the conditions for plant growth, impairing freshwater resources, and increasing instances of extreme weather, such as floods, droughts, heatwaves, wildfires and cyclones.<\/span><span data-contrast=\"auto\"><sup class=\"modern-footnotes-footnote modern-footnotes-footnote--expands-on-desktop \" data-mfn=\"50\" data-mfn-post-scope=\"00000000000006520000000000000000_3149\"><a href=\"javascript:void(0)\"  role=\"button\" aria-pressed=\"false\" aria-describedby=\"mfn-content-00000000000006520000000000000000_3149-50\">50<\/a><\/sup><span id=\"mfn-content-00000000000006520000000000000000_3149-50\" role=\"tooltip\" class=\"modern-footnotes-footnote__note\" tabindex=\"0\" data-mfn=\"50\">See Report of the Special Rapporteur on the rights of indigenous peoples, \u00b6\u00b6 5, 6, 9, A\/HRC\/36\/46 (Nov. 1, 2017); Report on the Relationship Between Climate Change and Human Rights, supra note 49, \u00b6 51; see also Report of the Independent Expert on the issue of human rights obligations relating to the enjoyment of a safe, clean, healthy and sustainable environment, John H. Knox (Preliminary Report), \u00b6 45, U.N. Doc. A\/HRC\/22\/43 (Dec. 24, 2012); Report of the Independent Expert on the issue of human rights obligations relating to the enjoyment of a safe, clean, healthy and sustainable environment, John H. Knox (Mapping Report), \u00b6\u00b6 76\u201378, U.N. Doc. A\/HRC\/25\/53 (Dec. 30, 2013).<\/span><\/span><span data-contrast=\"auto\">\u00a0This, in turn, is negatively impacting indigenous communities&#8217; food security, drinking water supplies, access to traditional medicines, and their overall ability to enjoy their lands and resources.<\/span><span data-contrast=\"auto\"><sup class=\"modern-footnotes-footnote modern-footnotes-footnote--expands-on-desktop \" data-mfn=\"51\" data-mfn-post-scope=\"00000000000006520000000000000000_3149\"><a href=\"javascript:void(0)\"  role=\"button\" aria-pressed=\"false\" aria-describedby=\"mfn-content-00000000000006520000000000000000_3149-51\">51<\/a><\/sup><span id=\"mfn-content-00000000000006520000000000000000_3149-51\" role=\"tooltip\" class=\"modern-footnotes-footnote__note\" tabindex=\"0\" data-mfn=\"51\">See IPCC, supra note 49, at 51, 59, 80, 120.<\/span><\/span><span data-contrast=\"auto\">\u00a0Indeed, as climate change alters the natural environment, some ancestral lands will become ill-suited for use in accordance with customary practices while others will become completely uninhabitable, forcing communities to relocate or migrate. Such scenarios would frustrate and pose a grave threat to indigenous peoples\u2019 right to property.<\/span><span data-contrast=\"auto\"><sup class=\"modern-footnotes-footnote modern-footnotes-footnote--expands-on-desktop \" data-mfn=\"52\" data-mfn-post-scope=\"00000000000006520000000000000000_3149\"><a href=\"javascript:void(0)\"  role=\"button\" aria-pressed=\"false\" aria-describedby=\"mfn-content-00000000000006520000000000000000_3149-52\">52<\/a><\/sup><span id=\"mfn-content-00000000000006520000000000000000_3149-52\" role=\"tooltip\" class=\"modern-footnotes-footnote__note\" tabindex=\"0\" data-mfn=\"52\">Report of the Special Rapporteur on the rights of indigenous peoples, supra note 50, \u00b6 9. <\/span><\/span><span data-contrast=\"auto\">\u00a0\u00a0<\/span><span data-ccp-props=\"{&quot;201341983&quot;:0,&quot;335559731&quot;:720,&quot;335559740&quot;:480}\">\u00a0<\/span><\/p>\n<p><span data-contrast=\"auto\">It is also critical to highlight that many indigenous communities would likely lack the means to finance sufficient adaptative projects themselves to avoid or manage expected adverse climate change impacts.<\/span><span data-ccp-props=\"{&quot;201341983&quot;:0,&quot;335559731&quot;:720,&quot;335559740&quot;:480}\">\u00a0<\/span><\/p>\n<p><span data-contrast=\"auto\">In short, climate change-driven environmental degradation is already occurring, and poses a grave threat to indigenous peoples\u2019 lands and resources, to which indigenous peoples\u2019 cultural identity and social welfare are inextricably linked.<\/span><span data-contrast=\"auto\"><sup class=\"modern-footnotes-footnote modern-footnotes-footnote--expands-on-desktop \" data-mfn=\"53\" data-mfn-post-scope=\"00000000000006520000000000000000_3149\"><a href=\"javascript:void(0)\"  role=\"button\" aria-pressed=\"false\" aria-describedby=\"mfn-content-00000000000006520000000000000000_3149-53\">53<\/a><\/sup><span id=\"mfn-content-00000000000006520000000000000000_3149-53\" role=\"tooltip\" class=\"modern-footnotes-footnote__note\" tabindex=\"0\" data-mfn=\"53\">Saramaka, supra note 25, \u00b6\u00b6 91, 121\u201322; see also Yakye Axa, supra note 11, \u00b6 154; Inter-Am. Comm\u2019n H.R., Res. No. 3\/2021, supra note 40 at 9. <\/span><\/span><span data-contrast=\"auto\">\u00a0Therefore, interpreting the special measures prescribed under Articles 1(1), 2, and 21 of the American Convention, read together, to require climate adaptive measures to protect and ensure indigenous communities\u2019 use and enjoyment of their territories and resources best furthers the American Convention\u2019s object and purpose of protecting the fundamental rights of individuals and peoples. <\/span><span data-ccp-props=\"{&quot;201341983&quot;:0,&quot;335559731&quot;:720,&quot;335559740&quot;:480}\">\u00a0<\/span><\/p>\n<p style=\"padding-left: 40px\"><strong>B. Climate Adaptive Measures and International Human Rights Law Developments\u00a0<\/strong><\/p>\n<p><span data-contrast=\"auto\">Consistent with Articles 31 and 32 of the Vienna Convention on the Law of Treaties, the Inter-American Court considers other international human rights treaties and broader developments in international human rights law when interpreting the American Convention.<\/span><span data-contrast=\"auto\"><sup class=\"modern-footnotes-footnote modern-footnotes-footnote--expands-on-desktop \" data-mfn=\"54\" data-mfn-post-scope=\"00000000000006520000000000000000_3149\"><a href=\"javascript:void(0)\"  role=\"button\" aria-pressed=\"false\" aria-describedby=\"mfn-content-00000000000006520000000000000000_3149-54\">54<\/a><\/sup><span id=\"mfn-content-00000000000006520000000000000000_3149-54\" role=\"tooltip\" class=\"modern-footnotes-footnote__note\" tabindex=\"0\" data-mfn=\"54\">See Yakye Axa, supra note 11, \u00b6 127. <\/span><\/span><span data-contrast=\"auto\">\u00a0In this instance, legal opinions and statements of human rights treaty bodies, the UN Declaration on the Rights of Indigenous Peoples (\u201cUNDRIP\u201d), ADRIP, and International Labour Organization (\u201cILO\u201d) Convention 169 support that States Parties must undertake adaptive measures to address the foreseeable adverse effects of climate change on indigenous peoples\u2019 lands and resources under Articles 1(1), 2, and 21 of the American Convention, read together.<\/span><span data-ccp-props=\"{&quot;201341983&quot;:0,&quot;335559731&quot;:720,&quot;335559740&quot;:480}\">\u00a0<\/span><\/p>\n<p><i><span data-contrast=\"auto\">The UN Human Rights Committee\u2019s Torres Strait Islanders Decision<\/span><\/i><span data-ccp-props=\"{&quot;201341983&quot;:0,&quot;335559740&quot;:480}\">\u00a0<\/span><\/p>\n<p><span data-contrast=\"none\">This year, as noted above, the <\/span><span data-contrast=\"none\">UN <\/span><span data-contrast=\"none\">Human Rights Committee determined that, under the ICCPR, Australia had violated the right to privacy, family and home and the right to culture of indigenous individuals inhabiting the Torres Strait Islands by failing to undertake timely and adequate adaptive measures to protect the islands and surrounding marine resources from climate changed-linked environmental degradation and hazards.<\/span><span data-contrast=\"none\"><sup class=\"modern-footnotes-footnote modern-footnotes-footnote--expands-on-desktop \" data-mfn=\"55\" data-mfn-post-scope=\"00000000000006520000000000000000_3149\"><a href=\"javascript:void(0)\"  role=\"button\" aria-pressed=\"false\" aria-describedby=\"mfn-content-00000000000006520000000000000000_3149-55\">55<\/a><\/sup><span id=\"mfn-content-00000000000006520000000000000000_3149-55\" role=\"tooltip\" class=\"modern-footnotes-footnote__note\" tabindex=\"0\" data-mfn=\"55\">Daniel Billy and others, supra note 6, \u00b6 10.<\/span><\/span><span data-contrast=\"none\">\u00a0<\/span><span data-ccp-props=\"{&quot;201341983&quot;:0,&quot;335559731&quot;:720,&quot;335559740&quot;:480}\">\u00a0<\/span><\/p>\n<p><span data-contrast=\"auto\">The committee recognized that ICCPR States Parties have an affirmative duty to implement climate adaptive measures to protect indigenous peoples\u2019 lands and resources that stems from Article 2(1) of the ICCPR,<\/span><span data-contrast=\"auto\"><sup class=\"modern-footnotes-footnote modern-footnotes-footnote--expands-on-desktop \" data-mfn=\"56\" data-mfn-post-scope=\"00000000000006520000000000000000_3149\"><a href=\"javascript:void(0)\"  role=\"button\" aria-pressed=\"false\" aria-describedby=\"mfn-content-00000000000006520000000000000000_3149-56\">56<\/a><\/sup><span id=\"mfn-content-00000000000006520000000000000000_3149-56\" role=\"tooltip\" class=\"modern-footnotes-footnote__note\" tabindex=\"0\" data-mfn=\"56\">Id. \u00b6\u00b6 7.7, 8.3.<\/span><\/span><span data-contrast=\"auto\">\u00a0which has very similar language to Article 1(1) of the American Convention. Article 2(1) of the ICCPR requires that ICCPR States parties \u201cundertake[] to . . . ensure . . . the rights recognized in the . . . Covenant,\u201d while Article1(1) of the American Convention requires American Convention States Parties to \u201cundertake . . . to ensure . . . the free and full exercise of [the] rights and freedoms [therein].\u201d <\/span><span data-ccp-props=\"{&quot;201341983&quot;:0,&quot;335559731&quot;:720,&quot;335559740&quot;:480}\">\u00a0<\/span><\/p>\n<p><span data-contrast=\"auto\">In addition, in finding that Australia violated the indigenous Torres Strait Islander\u2019s right to culture under the ICCPR, the committee recognized that: the right to culture \u201censhrines the inalienable right of indigenous peoples to enjoy the territories and natural resources that they have traditionally used for their subsistence and cultural identity\u201d<\/span><span data-contrast=\"auto\"><sup class=\"modern-footnotes-footnote modern-footnotes-footnote--expands-on-desktop \" data-mfn=\"57\" data-mfn-post-scope=\"00000000000006520000000000000000_3149\"><a href=\"javascript:void(0)\"  role=\"button\" aria-pressed=\"false\" aria-describedby=\"mfn-content-00000000000006520000000000000000_3149-57\">57<\/a><\/sup><span id=\"mfn-content-00000000000006520000000000000000_3149-57\" role=\"tooltip\" class=\"modern-footnotes-footnote__note\" tabindex=\"0\" data-mfn=\"57\">Id. \u00b6 8.13.<\/span><\/span><span data-contrast=\"auto\">;<\/span><span data-contrast=\"auto\"> and that the reduced viability of indigenous lands and resources for traditional cultural activities and ways of life owing to a State\u2019s failure to undertake adequate and timely adaptive measures to address foreseeable climate change impacts<\/span><span data-contrast=\"auto\"> may violate the right to culture.<\/span><span data-contrast=\"auto\"><sup class=\"modern-footnotes-footnote modern-footnotes-footnote--expands-on-desktop \" data-mfn=\"58\" data-mfn-post-scope=\"00000000000006520000000000000000_3149\"><a href=\"javascript:void(0)\"  role=\"button\" aria-pressed=\"false\" aria-describedby=\"mfn-content-00000000000006520000000000000000_3149-58\">58<\/a><\/sup><span id=\"mfn-content-00000000000006520000000000000000_3149-58\" role=\"tooltip\" class=\"modern-footnotes-footnote__note\" tabindex=\"0\" data-mfn=\"58\">Id. \u00b6 8.14.<\/span><\/span><span data-ccp-props=\"{&quot;201341983&quot;:0,&quot;335559731&quot;:720,&quot;335559740&quot;:480}\">\u00a0<\/span><\/p>\n<p><span data-contrast=\"auto\">The Human Rights Committee\u2019s reasoning regarding States\u2019 duties to ensure the right to culture under the ICCPR is highly persuasive when interpreting States duties to ensure the right to property under Article 21 of the American Convention because the Inter-American Court has \u201cexplicitly linked cultural identity to Article 21.\u201d<\/span><span data-contrast=\"auto\"><sup class=\"modern-footnotes-footnote modern-footnotes-footnote--expands-on-desktop \" data-mfn=\"59\" data-mfn-post-scope=\"00000000000006520000000000000000_3149\"><a href=\"javascript:void(0)\"  role=\"button\" aria-pressed=\"false\" aria-describedby=\"mfn-content-00000000000006520000000000000000_3149-59\">59<\/a><\/sup><span id=\"mfn-content-00000000000006520000000000000000_3149-59\" role=\"tooltip\" class=\"modern-footnotes-footnote__note\" tabindex=\"0\" data-mfn=\"59\">Antkowiak, supra note 8, at 150.<\/span><\/span><span data-contrast=\"auto\">\u00a0In <\/span><i><span data-contrast=\"auto\">X\u00e1kmok K\u00e1sek Indigenous Community v. Paraguay<\/span><\/i><span data-contrast=\"auto\">,<\/span> <span data-contrast=\"auto\">the Court held that the members of an indigenous community \u201csuffered diverse effects on their cultural identity produced, above all, by the lack of their own territory and the natural resources found on it, which represents a violation of Article 21(1) . . . in relation to Article 1(1).\u201d<\/span><span data-contrast=\"auto\"><sup class=\"modern-footnotes-footnote modern-footnotes-footnote--expands-on-desktop \" data-mfn=\"60\" data-mfn-post-scope=\"00000000000006520000000000000000_3149\"><a href=\"javascript:void(0)\"  role=\"button\" aria-pressed=\"false\" aria-describedby=\"mfn-content-00000000000006520000000000000000_3149-60\">60<\/a><\/sup><span id=\"mfn-content-00000000000006520000000000000000_3149-60\" role=\"tooltip\" class=\"modern-footnotes-footnote__note\" tabindex=\"0\" data-mfn=\"60\">X\u00e1kmok K\u00e1sek, supra note 16, \u00b6 182.<\/span><\/span>\u00a0<span data-contrast=\"auto\">In <\/span><i><span data-contrast=\"auto\">Kuna Indigenous People of Madungand\u00ed and the Ember\u00e1 Indigenous People of Bayano and their members v. Panama<\/span><\/i><span data-contrast=\"auto\">, the Court emphasized that the:<\/span><span data-ccp-props=\"{&quot;201341983&quot;:0,&quot;335559731&quot;:720,&quot;335559740&quot;:480}\">\u00a0<\/span><\/p>\n<p style=\"padding-left: 40px\"><span data-contrast=\"auto\">connection between the territory and the natural resources that indigenous and tribal peoples have traditionally used and that are necessary for their physical and cultural survival and the development and continuation of their worldview must be protected under Article 21 of the Convention to ensure that they can continue their traditional way of living, and that their distinctive cultural identity, social structure, economic system, customs, beliefs and traditions are respected, guaranteed and protected by the States.<\/span><span data-contrast=\"auto\"><sup class=\"modern-footnotes-footnote modern-footnotes-footnote--expands-on-desktop \" data-mfn=\"61\" data-mfn-post-scope=\"00000000000006520000000000000000_3149\"><a href=\"javascript:void(0)\"  role=\"button\" aria-pressed=\"false\" aria-describedby=\"mfn-content-00000000000006520000000000000000_3149-61\">61<\/a><\/sup><span id=\"mfn-content-00000000000006520000000000000000_3149-61\" role=\"tooltip\" class=\"modern-footnotes-footnote__note\" tabindex=\"0\" data-mfn=\"61\">Kuna Indigenous People of Madungand\u00ed, supra note 38, \u00b6 112.<\/span><\/span><span data-ccp-props=\"{&quot;201341983&quot;:0,&quot;335559685&quot;:720,&quot;335559737&quot;:720,&quot;335559740&quot;:240}\">\u00a0<\/span><\/p>\n<p><span data-contrast=\"auto\">Moreover, the Court clarified in <\/span><i><span data-contrast=\"auto\">Saramaka<\/span><\/i><span data-contrast=\"auto\"> that:\u00a0<\/span><span data-ccp-props=\"{&quot;201341983&quot;:0,&quot;335559740&quot;:480}\">\u00a0<\/span><\/p>\n<p style=\"padding-left: 40px\"><span data-contrast=\"auto\">the aim and purpose of the special measures required on behalf of the members of indigenous and tribal communities is to guarantee that they may continue living their traditional way of life, and that their distinct cultural identity, social structure, economic system, customs, beliefs and traditions are respected, guaranteed and protected by States.<\/span><span data-contrast=\"auto\"><sup class=\"modern-footnotes-footnote modern-footnotes-footnote--expands-on-desktop \" data-mfn=\"62\" data-mfn-post-scope=\"00000000000006520000000000000000_3149\"><a href=\"javascript:void(0)\"  role=\"button\" aria-pressed=\"false\" aria-describedby=\"mfn-content-00000000000006520000000000000000_3149-62\">62<\/a><\/sup><span id=\"mfn-content-00000000000006520000000000000000_3149-62\" role=\"tooltip\" class=\"modern-footnotes-footnote__note\" tabindex=\"0\" data-mfn=\"62\">Saramaka, supra note 25, \u00b6 121.<\/span><\/span><span data-ccp-props=\"{&quot;201341983&quot;:0,&quot;335559685&quot;:720,&quot;335559737&quot;:720,&quot;335559740&quot;:240}\">\u00a0<\/span><\/p>\n<p><i><span data-contrast=\"auto\">Reports of the Office of the UN High Commissioner for Human Rights\u00a0<\/span><\/i><span data-ccp-props=\"{&quot;201341983&quot;:0,&quot;335559740&quot;:480}\">\u00a0<\/span><\/p>\n<p><span data-contrast=\"auto\">Like the Human Rights Committee, the Office of the UN High Commissioner for Human Rights (\u201cOHCHR\u201d) recognizes that States have a duty under international human rights law to undertake climate adaptive measures. In 2015, OHCHR submitted a report to the 21st Conference of the Parties to the UN Framework Convention on Climate Change (\u201cUNFCCC\u201d), expressing that \u201c[f]ailure to take affirmative measures to prevent human rights harms caused by climate change, including foreseeable long-term harms, breaches [States\u2019] obligation\u201d to \u201crespect, protect, fulfil and promote all human rights for all persons without discrimination.\u201d<\/span><span data-contrast=\"auto\"><sup class=\"modern-footnotes-footnote modern-footnotes-footnote--expands-on-desktop \" data-mfn=\"63\" data-mfn-post-scope=\"00000000000006520000000000000000_3149\"><a href=\"javascript:void(0)\"  role=\"button\" aria-pressed=\"false\" aria-describedby=\"mfn-content-00000000000006520000000000000000_3149-63\">63<\/a><\/sup><span id=\"mfn-content-00000000000006520000000000000000_3149-63\" role=\"tooltip\" class=\"modern-footnotes-footnote__note\" tabindex=\"0\" data-mfn=\"63\">Submission of the Office of the High Commissioner for Human Rights to the 21st Conference of the Parties to the United Nations Framework Convention on Climate Change, Understanding Human Rights and Climate Change 2, 15 (2015). <\/span><\/span><span data-contrast=\"auto\">\u00a0Additionally, the report provided that \u201cStates are obliged to take adequate measures to guarantee the rights of all peoples to self-determination in the face of the looming threat posed by climate change.\u201d<\/span><span data-contrast=\"auto\"><sup class=\"modern-footnotes-footnote modern-footnotes-footnote--expands-on-desktop \" data-mfn=\"64\" data-mfn-post-scope=\"00000000000006520000000000000000_3149\"><a href=\"javascript:void(0)\"  role=\"button\" aria-pressed=\"false\" aria-describedby=\"mfn-content-00000000000006520000000000000000_3149-64\">64<\/a><\/sup><span id=\"mfn-content-00000000000006520000000000000000_3149-64\" role=\"tooltip\" class=\"modern-footnotes-footnote__note\" tabindex=\"0\" data-mfn=\"64\">Id. at 15.<\/span><\/span><span data-ccp-props=\"{&quot;201341983&quot;:0,&quot;335559731&quot;:720,&quot;335559740&quot;:480}\">\u00a0<\/span><\/p>\n<p><span data-contrast=\"auto\">Later, in a 2016 report, OHCHR explicitly opined on States\u2019 climate change adaptation obligations, stating that \u201c[w]hen climate mitigation efforts fail to adequately protect rights, States must ensure that appropriate adaptation measures are taken to protect and fulfil the rights of all persons, particularly those most endangered by the negative impacts of climate change.\u201d<\/span><span data-contrast=\"auto\"><sup class=\"modern-footnotes-footnote modern-footnotes-footnote--expands-on-desktop \" data-mfn=\"65\" data-mfn-post-scope=\"00000000000006520000000000000000_3149\"><a href=\"javascript:void(0)\"  role=\"button\" aria-pressed=\"false\" aria-describedby=\"mfn-content-00000000000006520000000000000000_3149-65\">65<\/a><\/sup><span id=\"mfn-content-00000000000006520000000000000000_3149-65\" role=\"tooltip\" class=\"modern-footnotes-footnote__note\" tabindex=\"0\" data-mfn=\"65\">Office of the High Commissioner for Human Rights, Analytical study on the relationship between climate change and the human right of everyone to the enjoyment of the highest attainable standard of physical and mental health, \u00b6 32, U.N. Doc. A\/HRC\/32\/23 (May 6, 2016).<\/span><\/span><span data-contrast=\"auto\">\u00a0<\/span><span data-ccp-props=\"{&quot;201341983&quot;:0,&quot;335559731&quot;:720,&quot;335559740&quot;:480}\">\u00a0<\/span><\/p>\n<p><i><span data-contrast=\"auto\">Observations and Statements of CESCR &amp; CERD\u00a0<\/span><\/i><span data-ccp-props=\"{&quot;201341983&quot;:0,&quot;335559740&quot;:480}\">\u00a0<\/span><\/p>\n<p><span data-contrast=\"auto\">The Committee on Economic, Social and Cultural Rights (\u201cCESCR\u201d) and the Committee on the Elimination of All Forms of Racial Discrimination (\u201cCERD\u201d) have built upon the OHCHR reports.<\/span><span data-contrast=\"auto\"><sup class=\"modern-footnotes-footnote modern-footnotes-footnote--expands-on-desktop \" data-mfn=\"66\" data-mfn-post-scope=\"00000000000006520000000000000000_3149\"><a href=\"javascript:void(0)\"  role=\"button\" aria-pressed=\"false\" aria-describedby=\"mfn-content-00000000000006520000000000000000_3149-66\">66<\/a><\/sup><span id=\"mfn-content-00000000000006520000000000000000_3149-66\" role=\"tooltip\" class=\"modern-footnotes-footnote__note\" tabindex=\"0\" data-mfn=\"66\">In 2019, UN Special Rapporteur on the issue of human rights obligations relating to the enjoyment of a safe, clean, healthy and sustainable environment also asserted in a report transmitted to the UN General Assembly that \u201c[t]he foreseeable and potentially catastrophic adverse effects of climate change on the enjoyment of a wide range of human rights give rise to extensive duties of States to take immediate actions to prevent those harms.\u201d U.N. Secretary General, Human rights obligations relating to the enjoyment of a safe, clean, healthy and sustainable environment, \u00b6 62, U.N. Doc. A\/74\/161 (Jul. 15, 2019). <\/span><\/span><span data-contrast=\"auto\">\u00a0<\/span><span data-ccp-props=\"{&quot;201341983&quot;:0,&quot;335559731&quot;:720,&quot;335559740&quot;:480}\">\u00a0<\/span><\/p>\n<p><span data-contrast=\"auto\">\u00a0In 2018, CESCR set forth that:<\/span><span data-ccp-props=\"{&quot;201341983&quot;:0,&quot;335559731&quot;:720,&quot;335559740&quot;:480}\">\u00a0<\/span><\/p>\n<p style=\"padding-left: 40px\"><span data-contrast=\"auto\">a failure to prevent foreseeable human rights harm caused by climate change, or a failure to mobilize the maximum available resources in an effort to do so, could constitute a breach of their obligation to respect, protect and fulfil all human rights for all [under the ICESCR]. States must, therefore, dedicate the maximum available financial and material resources to . . . halt and reverse deforestation and soil deterioration; and increase adaptive capacity, especially in vulnerable and marginalized communities.<\/span><span data-contrast=\"auto\"><sup class=\"modern-footnotes-footnote modern-footnotes-footnote--expands-on-desktop \" data-mfn=\"67\" data-mfn-post-scope=\"00000000000006520000000000000000_3149\"><a href=\"javascript:void(0)\"  role=\"button\" aria-pressed=\"false\" aria-describedby=\"mfn-content-00000000000006520000000000000000_3149-67\">67<\/a><\/sup><span id=\"mfn-content-00000000000006520000000000000000_3149-67\" role=\"tooltip\" class=\"modern-footnotes-footnote__note\" tabindex=\"0\" data-mfn=\"67\">Press Release, CESCR, Climate change and the International Covenant on Economic, Social and Cultural Rights (Oct. 8, 2018).<\/span><\/span><span data-ccp-props=\"{&quot;201341983&quot;:0,&quot;335559685&quot;:720,&quot;335559737&quot;:720,&quot;335559740&quot;:240}\">\u00a0<\/span><\/p>\n<p><span data-contrast=\"auto\">Similarly, in 2019, CESCR issued a joint statement with the Committee on the Elimination of Discrimination Against Women, the Committee on the Protection of the Rights of All Migrant Workers and Members of their Families, the Committee on the Rights of the Child, and the Committee on the Rights of Persons with Disabilities, declaring that \u201c[f]ailure to take measures to prevent foreseeable human rights harm caused by climate change, or to regulate activities contributing to such harm, could constitute a violation of States\u2019 human rights obligations.\u201d<\/span><span data-contrast=\"auto\"><sup class=\"modern-footnotes-footnote modern-footnotes-footnote--expands-on-desktop \" data-mfn=\"68\" data-mfn-post-scope=\"00000000000006520000000000000000_3149\"><a href=\"javascript:void(0)\"  role=\"button\" aria-pressed=\"false\" aria-describedby=\"mfn-content-00000000000006520000000000000000_3149-68\">68<\/a><\/sup><span id=\"mfn-content-00000000000006520000000000000000_3149-68\" role=\"tooltip\" class=\"modern-footnotes-footnote__note\" tabindex=\"0\" data-mfn=\"68\">Press Release, CESCR, Cmte. on the Elimination of Discrimination Against Women, the Cmte. on the Prot. of the Rts. of All Migrant Workers and Members of their Families, the Cmte. on the Rts. of the Child, and the Cmte. on the Rts. of Pers. with Disabilities, Join Statement on \u201cHuman Rights and Climate Change\u201d (Sept. 16, 2019).<\/span><\/span><span data-contrast=\"auto\">\u00a0In reviewing periodic reports of ICESCR States Parties, CESCR has also urged certain States to \u201cspecify measures to mitigate the effects of the climate crisis on [indigenous peoples\u2019] lands, territories and resources with a view to protecting their traditional ways of life and means of subsistence.\u201d<\/span><span data-contrast=\"auto\"><sup class=\"modern-footnotes-footnote modern-footnotes-footnote--expands-on-desktop \" data-mfn=\"69\" data-mfn-post-scope=\"00000000000006520000000000000000_3149\"><a href=\"javascript:void(0)\"  role=\"button\" aria-pressed=\"false\" aria-describedby=\"mfn-content-00000000000006520000000000000000_3149-69\">69<\/a><\/sup><span id=\"mfn-content-00000000000006520000000000000000_3149-69\" role=\"tooltip\" class=\"modern-footnotes-footnote__note\" tabindex=\"0\" data-mfn=\"69\">See CESCR, Concluding observations on the fifth periodic report of Australia, U.N. Doc. E\/C.12\/AUS\/CO\/5 (11 Jul. 2017). <\/span><\/span><span data-ccp-props=\"{&quot;201341983&quot;:0,&quot;335559731&quot;:720,&quot;335559740&quot;:480}\">\u00a0<\/span><\/p>\n<p><span data-contrast=\"auto\">As for CERD, the committee, in its concluding observations on the periodic reports of Mexico, expressed concern \u201cthat the effects of the climate crisis, such as the degradation of land and water resources, may have a disproportionate impact on indigenous peoples,\u201d and recommended that Mexico \u201cspecify measures to mitigate the effects of the climate crisis on their lands, territories and resources with a view to protecting their traditional ways of life and means of subsistence.\u201d<\/span><span data-contrast=\"auto\"><sup class=\"modern-footnotes-footnote modern-footnotes-footnote--expands-on-desktop \" data-mfn=\"70\" data-mfn-post-scope=\"00000000000006520000000000000000_3149\"><a href=\"javascript:void(0)\"  role=\"button\" aria-pressed=\"false\" aria-describedby=\"mfn-content-00000000000006520000000000000000_3149-70\">70<\/a><\/sup><span id=\"mfn-content-00000000000006520000000000000000_3149-70\" role=\"tooltip\" class=\"modern-footnotes-footnote__note\" tabindex=\"0\" data-mfn=\"70\">See CERD, Concluding observations on the combined eighteenth to twenty-first periodic reports of Mexico, U.N. Doc. CERD\/C\/MEX\/CO\/18-21 (Sept. 19, 2019).<\/span><\/span><span data-contrast=\"auto\">\u00a0<\/span><span data-ccp-props=\"{&quot;201341983&quot;:0,&quot;335559731&quot;:720,&quot;335559740&quot;:480}\">\u00a0<\/span><\/p>\n<p><i><span data-contrast=\"auto\">UNDRIP, ADRIP, and ILO Convention 169<\/span><\/i><span data-ccp-props=\"{&quot;201341983&quot;:0,&quot;335559740&quot;:480}\">\u00a0<\/span><\/p>\n<p><span data-contrast=\"auto\">Although UNDRIP, ADRIP, and ILO Convention 169 do not directly address climate change, they<\/span> <span data-contrast=\"auto\">provide that States must take measures to protect and conserve the environment of indigenous peoples\u2019 lands and territories.<\/span><span data-contrast=\"auto\"><sup class=\"modern-footnotes-footnote modern-footnotes-footnote--expands-on-desktop \" data-mfn=\"71\" data-mfn-post-scope=\"00000000000006520000000000000000_3149\"><a href=\"javascript:void(0)\"  role=\"button\" aria-pressed=\"false\" aria-describedby=\"mfn-content-00000000000006520000000000000000_3149-71\">71<\/a><\/sup><span id=\"mfn-content-00000000000006520000000000000000_3149-71\" role=\"tooltip\" class=\"modern-footnotes-footnote__note\" tabindex=\"0\" data-mfn=\"71\">See ADRIP, art. XIX(4) (\u201cIndigenous peoples have the right to the conservation and protection of the environment and the productive capacity of their lands or territories and resources. States shall establish and implement assistance programmes for indigenous peoples for such conservation and protection, without discrimination.\u201d); ILO Convention 169, art. 7(4) (\u201cGovernments shall take measures, in co-operation with the peoples concerned, to protect and preserve the environment of the territories they inhabit.\u201d); UNDRIP, art. 29. <\/span><\/span><span data-contrast=\"auto\">\u00a0Thus, these instruments reinforce the need for States to undertake measures to combat climate change-linked environmental degradation under international law.<\/span><span data-ccp-props=\"{&quot;201341983&quot;:0,&quot;335559731&quot;:720,&quot;335559740&quot;:480}\">\u00a0<\/span><\/p>\n<p style=\"padding-left: 40px\"><strong>\u00a0C. Climate Adaptive Measures and International Environmental Law Developments\u00a0<\/strong><\/p>\n<p><span data-contrast=\"auto\">The Inter-American Court has reasoned that, as a \u201cconsequence of the interdependence and indivisibility of human rights and environmental protection . . . the Court may avail itself of the principles, rights and obligations of international environmental law\u201d when establishing the scope of the obligations under the American Convention.<\/span><span data-contrast=\"auto\"><sup class=\"modern-footnotes-footnote modern-footnotes-footnote--expands-on-desktop \" data-mfn=\"72\" data-mfn-post-scope=\"00000000000006520000000000000000_3149\"><a href=\"javascript:void(0)\"  role=\"button\" aria-pressed=\"false\" aria-describedby=\"mfn-content-00000000000006520000000000000000_3149-72\">72<\/a><\/sup><span id=\"mfn-content-00000000000006520000000000000000_3149-72\" role=\"tooltip\" class=\"modern-footnotes-footnote__note\" tabindex=\"0\" data-mfn=\"72\">Advisory Opinion OC-23\/17, supra note 32, \u00b6 55.<\/span><\/span><span data-contrast=\"auto\">\u00a0Here, the Paris Agreement and the UNFCCC are relevant.<\/span><span data-ccp-props=\"{&quot;201341983&quot;:0,&quot;335559731&quot;:720,&quot;335559740&quot;:480}\">\u00a0<\/span><\/p>\n<p><span data-contrast=\"auto\">The Paris Agreement characterizes climate change as an \u201curgent threat\u201d that requires an \u201ceffective\u201d response, and includes an objective of \u201c[i]ncreasing the ability to adapt to the adverse impacts of climate change and foster[ing] climate resilience.\u201d<\/span><span data-contrast=\"auto\"><sup class=\"modern-footnotes-footnote modern-footnotes-footnote--expands-on-desktop \" data-mfn=\"73\" data-mfn-post-scope=\"00000000000006520000000000000000_3149\"><a href=\"javascript:void(0)\"  role=\"button\" aria-pressed=\"false\" aria-describedby=\"mfn-content-00000000000006520000000000000000_3149-73\">73<\/a><\/sup><span id=\"mfn-content-00000000000006520000000000000000_3149-73\" role=\"tooltip\" class=\"modern-footnotes-footnote__note\" tabindex=\"0\" data-mfn=\"73\">Paris Agreement, preamb. art. 2(1)(b), Dec. 12, 2015, 55 I.L.M. 740.<\/span><\/span><span data-contrast=\"auto\">\u00a0In addition, under the agreement:\u00a0<\/span><span data-ccp-props=\"{&quot;201341983&quot;:0,&quot;335559731&quot;:720,&quot;335559740&quot;:480}\">\u00a0<\/span><\/p>\n<p style=\"padding-left: 40px\"><span data-contrast=\"auto\">Parties recognize that adaptation is a global challenge faced by all with local, subnational, national, regional and international dimensions, and that it is a key component of and makes a contribution to the long-term global response to climate change to protect people, livelihoods and ecosystems . . . .<\/span><span data-contrast=\"auto\"><sup class=\"modern-footnotes-footnote modern-footnotes-footnote--expands-on-desktop \" data-mfn=\"74\" data-mfn-post-scope=\"00000000000006520000000000000000_3149\"><a href=\"javascript:void(0)\"  role=\"button\" aria-pressed=\"false\" aria-describedby=\"mfn-content-00000000000006520000000000000000_3149-74\">74<\/a><\/sup><span id=\"mfn-content-00000000000006520000000000000000_3149-74\" role=\"tooltip\" class=\"modern-footnotes-footnote__note\" tabindex=\"0\" data-mfn=\"74\">Id., art. 7(2).<\/span><\/span><span data-ccp-props=\"{&quot;201341983&quot;:0,&quot;335559685&quot;:720,&quot;335559737&quot;:720,&quot;335559740&quot;:240}\">\u00a0<\/span><span data-ccp-props=\"{&quot;201341983&quot;:0,&quot;335559737&quot;:720,&quot;335559740&quot;:240}\">\u00a0<\/span><\/p>\n<p style=\"text-align: left\"><span data-contrast=\"auto\">The agreement also affirms that \u201cadaptation action should . . . tak[e] into consideration vulnerable groups, communities and ecosystems, and . . . be based on and guided by the best available science and, as appropriate, traditional knowledge, knowledge of indigenous peoples and local knowledge systems . . . .\u201d<\/span><span data-contrast=\"auto\"><sup class=\"modern-footnotes-footnote modern-footnotes-footnote--expands-on-desktop \" data-mfn=\"75\" data-mfn-post-scope=\"00000000000006520000000000000000_3149\"><a href=\"javascript:void(0)\"  role=\"button\" aria-pressed=\"false\" aria-describedby=\"mfn-content-00000000000006520000000000000000_3149-75\">75<\/a><\/sup><span id=\"mfn-content-00000000000006520000000000000000_3149-75\" role=\"tooltip\" class=\"modern-footnotes-footnote__note\" tabindex=\"0\" data-mfn=\"75\">Id., art. 7(5).<\/span><\/span><span data-contrast=\"auto\">\u00a0As for the UNFCCC, it recognizes that climate change \u201cmay adversely affect natural ecosystems and humankind,\u201d<\/span><span data-contrast=\"auto\"><sup class=\"modern-footnotes-footnote modern-footnotes-footnote--expands-on-desktop \" data-mfn=\"76\" data-mfn-post-scope=\"00000000000006520000000000000000_3149\"><a href=\"javascript:void(0)\"  role=\"button\" aria-pressed=\"false\" aria-describedby=\"mfn-content-00000000000006520000000000000000_3149-76\">76<\/a><\/sup><span id=\"mfn-content-00000000000006520000000000000000_3149-76\" role=\"tooltip\" class=\"modern-footnotes-footnote__note\" tabindex=\"0\" data-mfn=\"76\">United Nations Framework Convention on Climate Change, preamb., May 9, 1992, S. Treaty Doc No. 102-38, 1771 U.N.T.S. 107. <\/span><\/span><span data-contrast=\"auto\"> and its States Parties are obligated to formulate and implement \u201cmeasures to facilitate adequate adaptation to climate change.&#8221;<\/span><span data-contrast=\"auto\"><sup class=\"modern-footnotes-footnote modern-footnotes-footnote--expands-on-desktop \" data-mfn=\"77\" data-mfn-post-scope=\"00000000000006520000000000000000_3149\"><a href=\"javascript:void(0)\"  role=\"button\" aria-pressed=\"false\" aria-describedby=\"mfn-content-00000000000006520000000000000000_3149-77\">77<\/a><\/sup><span id=\"mfn-content-00000000000006520000000000000000_3149-77\" role=\"tooltip\" class=\"modern-footnotes-footnote__note\" tabindex=\"0\" data-mfn=\"77\">Id., art. 4(1)(b).<\/span><\/span>\u00a0<span data-ccp-props=\"{&quot;201341983&quot;:0,&quot;335559740&quot;:480}\">\u00a0<\/span><\/p>\n<p><span data-contrast=\"auto\">These two treaties support interpreting Article 21 of the American Convention (read together with Articles 1(1) and 2) to require that American Convention States Parties address the foreseeable adverse effects of climate change on indigenous peoples\u2019 lands and resources. It is implicit in these treaties recognition that climate change may threaten ecosystems and humankind that climate change may impact the enjoyment of human rights, particularly those closely linked to ecosystem health and the availability of natural resources. In addition, these two treaties underscore that States should effectively respond to climate change, and that any effective response should include climate adaptation, as it is critical for protecting humans and the natural environment upon which they depend for survival.<\/span><span data-contrast=\"auto\"><sup class=\"modern-footnotes-footnote modern-footnotes-footnote--expands-on-desktop \" data-mfn=\"78\" data-mfn-post-scope=\"00000000000006520000000000000000_3149\"><a href=\"javascript:void(0)\"  role=\"button\" aria-pressed=\"false\" aria-describedby=\"mfn-content-00000000000006520000000000000000_3149-78\">78<\/a><\/sup><span id=\"mfn-content-00000000000006520000000000000000_3149-78\" role=\"tooltip\" class=\"modern-footnotes-footnote__note\" tabindex=\"0\" data-mfn=\"78\">See Benoit Mayer, Climate Change Adaptation and the Law, 39 Va. Envt\u2019l L.J., 141, 143, 147\u201348 (2021).<\/span><\/span>\u00a0<span data-contrast=\"auto\">Therefore, when considering States\u2018 obligations under the American Convention in light of text of international treaties on climate change, it is reasonable to conclude that climate adaptative measures are important for ensuring human rights and that climate adaptive measures may be a necessary requirement under certain circumstances to ensure that adverse climate change impacts do not undermine the cultural and physical survival of indigenous communities.\u00a0\u00a0<\/span><span data-ccp-props=\"{&quot;201341983&quot;:0,&quot;335559740&quot;:480}\">\u00a0<\/span><\/p>\n<p><b><span data-contrast=\"auto\">Conclusion<\/span><\/b><\/p>\n<p><span data-contrast=\"auto\">Under the American Convention, State Parties have an affirmative duty to undertake adaptive measures to protect indigenous peoples\u2019 ancestral lands and resources from the foreseeable adverse effects of climate change. As demonstrated by the wildfires that ravaged the Guat\u00f3 communities\u2019 territories, the threat of climate change for the indigenous peoples of Latin America is significant and States must respond accordingly. In developing climate adaptive measures in relation to indigenous peoples\u2019 land and resources, State should ensure indigenous peoples\u2019 meaningful participation in decision-making processes in accordance with applicable obligations under international law.\u00a0<\/span><span data-ccp-props=\"{&quot;201341983&quot;:0,&quot;335559731&quot;:720,&quot;335559740&quot;:480}\">\u00a0<\/span><\/p>\n","protected":false},"excerpt":{"rendered":"<p>By Terrence Neal*\u00a0 View pdf here Scientists predict that climate change will adversely impact the ancestral lands of the approximately [&hellip;]<\/p>\n","protected":false},"author":164,"featured_media":0,"comment_status":"closed","ping_status":"open","sticky":false,"template":"","format":"standard","meta":{"_exactmetrics_skip_tracking":false,"_exactmetrics_sitenote_active":false,"_exactmetrics_sitenote_note":"","_exactmetrics_sitenote_category":0,"site-sidebar-layout":"default","site-content-layout":"","ast-site-content-layout":"default","site-content-style":"default","site-sidebar-style":"default","ast-global-header-display":"","ast-banner-title-visibility":"","ast-main-header-display":"","ast-hfb-above-header-display":"","ast-hfb-below-header-display":"","ast-hfb-mobile-header-display":"","site-post-title":"","ast-breadcrumbs-content":"","ast-featured-img":"","footer-sml-layout":"","ast-disable-related-posts":"","theme-transparent-header-meta":"","adv-header-id-meta":"","stick-header-meta":"","header-above-stick-meta":"","header-main-stick-meta":"","header-below-stick-meta":"","astra-migrate-meta-layouts":"default","ast-page-background-enabled":"default","ast-page-background-meta":{"desktop":{"background-color":"var(--ast-global-color-5)","background-image":"","background-repeat":"repeat","background-position":"center center","background-size":"auto","background-attachment":"scroll","background-type":"","background-media":"","overlay-type":"","overlay-color":"","overlay-opacity":"","overlay-gradient":""},"tablet":{"background-color":"","background-image":"","background-repeat":"repeat","background-position":"center center","background-size":"auto","background-attachment":"scroll","background-type":"","background-media":"","overlay-type":"","overlay-color":"","overlay-opacity":"","overlay-gradient":""},"mobile":{"background-color":"","background-image":"","background-repeat":"repeat","background-position":"center center","background-size":"auto","background-attachment":"scroll","background-type":"","background-media":"","overlay-type":"","overlay-color":"","overlay-opacity":"","overlay-gradient":""}},"ast-content-background-meta":{"desktop":{"background-color":"var(--ast-global-color-4)","background-image":"","background-repeat":"repeat","background-position":"center center","background-size":"auto","background-attachment":"scroll","background-type":"","background-media":"","overlay-type":"","overlay-color":"","overlay-opacity":"","overlay-gradient":""},"tablet":{"background-color":"var(--ast-global-color-4)","background-image":"","background-repeat":"repeat","background-position":"center center","background-size":"auto","background-attachment":"scroll","background-type":"","background-media":"","overlay-type":"","overlay-color":"","overlay-opacity":"","overlay-gradient":""},"mobile":{"background-color":"var(--ast-global-color-4)","background-image":"","background-repeat":"repeat","background-position":"center center","background-size":"auto","background-attachment":"scroll","background-type":"","background-media":"","overlay-type":"","overlay-color":"","overlay-opacity":"","overlay-gradient":""}},"_jetpack_newsletter_access":"","_jetpack_dont_email_post_to_subs":false,"_jetpack_newsletter_tier_id":0,"_jetpack_memberships_contains_paywalled_content":false,"_jetpack_memberships_contains_paid_content":false,"footnotes":""},"categories":[2],"tags":[],"class_list":["post-3149","post","type-post","status-publish","format-standard","hentry","category-helr-online"],"jetpack_featured_media_url":"","jetpack_sharing_enabled":true,"jetpack_shortlink":"https:\/\/wp.me\/peZkUb-ON","_links":{"self":[{"href":"https:\/\/journals.law.harvard.edu\/elr\/wp-json\/wp\/v2\/posts\/3149","targetHints":{"allow":["GET"]}}],"collection":[{"href":"https:\/\/journals.law.harvard.edu\/elr\/wp-json\/wp\/v2\/posts"}],"about":[{"href":"https:\/\/journals.law.harvard.edu\/elr\/wp-json\/wp\/v2\/types\/post"}],"author":[{"embeddable":true,"href":"https:\/\/journals.law.harvard.edu\/elr\/wp-json\/wp\/v2\/users\/164"}],"replies":[{"embeddable":true,"href":"https:\/\/journals.law.harvard.edu\/elr\/wp-json\/wp\/v2\/comments?post=3149"}],"version-history":[{"count":0,"href":"https:\/\/journals.law.harvard.edu\/elr\/wp-json\/wp\/v2\/posts\/3149\/revisions"}],"wp:attachment":[{"href":"https:\/\/journals.law.harvard.edu\/elr\/wp-json\/wp\/v2\/media?parent=3149"}],"wp:term":[{"taxonomy":"category","embeddable":true,"href":"https:\/\/journals.law.harvard.edu\/elr\/wp-json\/wp\/v2\/categories?post=3149"},{"taxonomy":"post_tag","embeddable":true,"href":"https:\/\/journals.law.harvard.edu\/elr\/wp-json\/wp\/v2\/tags?post=3149"}],"curies":[{"name":"wp","href":"https:\/\/api.w.org\/{rel}","templated":true}]}}