{"id":8005,"date":"2017-04-11T10:37:08","date_gmt":"2017-04-11T14:37:08","guid":{"rendered":"http:\/\/www.journals.law.harvard.edu\/ilj\/?p=8005"},"modified":"2017-08-04T00:57:33","modified_gmt":"2017-08-04T04:57:33","slug":"now-live-harvard-international-law-journal-online-symposium-2017-accountability-for-the-illegal-use-of-force","status":"publish","type":"post","link":"https:\/\/journals.law.harvard.edu\/ilj\/2017\/04\/now-live-harvard-international-law-journal-online-symposium-2017-accountability-for-the-illegal-use-of-force\/","title":{"rendered":"Harvard International Law Journal Online Symposium 2017: Accountability for the Illegal Use of Force"},"content":{"rendered":"<p style=\"text-align: justify;\">In 1946, the world witnessed the first-ever prosecutions of a state\u2019s leaders for planning and executing a war of aggression. The idea of holding individuals accountable for the illegal use of force\u2014the \u201csupreme international crime\u201d\u2014was considered but ultimately rejected in the wake of the First World War. A few decades later, however, following the even more destructive Second World War, the victorious powers succeeded in coming together in a court of law at Nuremberg to prosecute the leaders of Nazi Germany for waging an aggressive war against other states. Ben Ferencz, a Nuremberg prosecutor has spent the past seven decades tirelessly working to ensure that the prevention and prosecution of aggressive war-making remain on the international agenda.<\/p>\n<p style=\"text-align: justify;\">Now, with Ben Ferencz\u2019s work in mind, and writing as the international community prepares to decide whether to activate the ICC jurisdiction over the crime of aggression, the authors in this symposium take stock both of what has been accomplished and of what remains to be done. Building on discussions in 2015 at the Harris Institute, this symposium reflects on broader issues of accountability for the illegal use of force under international law, with the goal of influencing broader scholarly efforts that continue to shape the debate on the scope, nature, and future of the criminalization of the illegal use of force.<\/p>\n<p style=\"text-align: center;\"><strong><span style=\"text-decoration: underline;\">SYMPOSIUM CONTRIBUTIONS\u00a0<\/span><\/strong><\/p>\n<p style=\"text-align: center;\"><a href=\"https:\/\/journals.law.harvard.edu\/ilj\/wp-content\/uploads\/sites\/84\/ILJ_Online_2017_Symposium__FINAL.pdf\">Full Symposium PDF<\/a><\/p>\n<div class=\"page\" title=\"Page 1\">\n<div class=\"layoutArea\" style=\"text-align: center;\">\n<div class=\"column\">\n<p>INTRODUCTION<\/p>\n<\/div>\n<\/div>\n<div class=\"layoutArea\" style=\"text-align: center;\">\n<div class=\"column\">\n<p><a href=\"https:\/\/journals.law.harvard.edu\/ilj\/2017\/04\/accountability-for-the-illegal-use-of-force-will-the-nuremberg-legacy-be-complete\/\"><strong>Accountability for the Illegal Use of Force \u2013 Will the Nuremberg Legacy Be Complete?<\/strong><\/a><br \/>\n<em>Rebecca F. Green, Federica D\u2019Alessandra &amp; Juan P. Calderon Meza\u00a0<\/em><\/p>\n<p>ESSAYS<\/p>\n<p><a href=\"https:\/\/journals.law.harvard.edu\/ilj\/2017\/04\/accountability-for-violations-of-the-prohibition-against-the-use-of-force-at-a-normative-crossroads\/\"><strong>Accountability for Violations of the Prohibition against the Use of Force at a Normative Crossroads<\/strong><\/a><br \/>\n<em>Federica D\u2019Alessandra\u00a0<\/em><\/p>\n<p><a href=\"https:\/\/journals.law.harvard.edu\/ilj\/2017\/04\/on-the-adjudication-of-the-illegal-use-of-force-at-the-icc\/\"><strong>On the Adjudication of the Illegal Use of Force at the ICC<\/strong><\/a><br \/>\n<em>Anthony Abato\u00a0<\/em><\/p>\n<p><a href=\"https:\/\/journals.law.harvard.edu\/ilj\/2017\/04\/from-nuremberg-to-new-york-the-final-stretch-in-the-campaign-to-activate-the-iccs-jurisdiction-over-the-crime-of-aggression\/\"><strong>From Nuremberg to New York: The Final Stretch in the Campaign to<\/strong><\/a><br \/>\n<a href=\"https:\/\/journals.law.harvard.edu\/ilj\/2017\/04\/from-nuremberg-to-new-york-the-final-stretch-in-the-campaign-to-activate-the-iccs-jurisdiction-over-the-crime-of-aggression\/\"><strong>Activate the ICC\u2019s Jurisdiction over the Crime of Aggression<\/strong><\/a><br \/>\n<em>Christian Wenaweser &amp; Sina Alavi\u00a0<\/em><\/p>\n<p><a href=\"https:\/\/journals.law.harvard.edu\/ilj\/2017\/04\/continued-debate-over-the-crime-of-aggression-a-supreme-international-irony\/\"><strong>Continued Debate Over the Crime of Aggression: A Supreme\u00a0International Irony<\/strong><\/a><br \/>\n<em>Donald M. Ferencz\u00a0<\/em><\/p>\n<p><a href=\"https:\/\/journals.law.harvard.edu\/ilj\/2017\/04\/the-human-right-to-peace\/\"><strong>The Human Right to Peace<\/strong><\/a><br \/>\n<em>William Schabas\u00a0<\/em><\/p>\n<p><a href=\"https:\/\/journals.law.harvard.edu\/ilj\/2017\/04\/the-crime-of-aggression-in-the-icc-and-state-responsibility\/\"><strong>The Crime of Aggression in the ICC and State Responsibility<\/strong><\/a><br \/>\n<em>Dapo Akande &amp; Antonios Tzanakopoulos<\/em><\/p>\n<p><a href=\"https:\/\/journals.law.harvard.edu\/ilj\/2017\/04\/accounting-for-victim-constituencies-and-the-crime-of-aggression-new-questions-facing-the-international-criminal-court\/\"><strong>Accounting for Victim Constituencies and the Crime of Aggression:<\/strong><\/a><br \/>\n<a href=\"https:\/\/journals.law.harvard.edu\/ilj\/2017\/04\/accounting-for-victim-constituencies-and-the-crime-of-aggression-new-questions-facing-the-international-criminal-court\/\"><strong>New Questions Facing the International Criminal Court<\/strong><\/a><br \/>\n<em>Marissa R. Brodney\u00a0<\/em><\/p>\n<p><a href=\"https:\/\/journals.law.harvard.edu\/ilj\/2017\/04\/the-crime-of-aggression-and-modes-of-liability-is-there-room-only-for-principals\/\"><strong>The Crime of Aggression and Modes of Liability \u2013 Is There Room<\/strong><\/a><br \/>\n<a href=\"https:\/\/journals.law.harvard.edu\/ilj\/2017\/04\/the-crime-of-aggression-and-modes-of-liability-is-there-room-only-for-principals\/\"><strong>Only for Principals?<\/strong><\/a><br \/>\n<em>Volker Nerlich\u00a0<\/em><\/p>\n<div title=\"Page 1\">\n<div class=\"page\" title=\"Page 1\">\n<div class=\"layoutArea\">\n<div class=\"column\">\n<p><a href=\"https:\/\/journals.law.harvard.edu\/ilj\/2017\/04\/non-state-accessories-will-not-be-immune-from-prosecution-for-aggression\/\"><strong>Non-State Accessories Will Not Be Immune from Prosecution for Aggression<\/strong><\/a><br \/>\n<em>Juan P. Calderon-Meza<\/em><\/p>\n<\/div>\n<\/div>\n<\/div>\n<\/div>\n<\/div>\n<\/div>\n<\/div>\n<div class=\"page\" title=\"Page 2\">\n<div class=\"layoutArea\">\n<div class=\"column\">\n<p style=\"text-align: center;\"><a href=\"https:\/\/journals.law.harvard.edu\/ilj\/2017\/04\/the-crime-of-aggression-under-the-rome-statute-and-implications-for-corporate-accountability\/\"><strong>The Crime of Aggression under the Rome Statute and Implications for Corporate Accountability<\/strong><\/a><br \/>\n<em>MacKennan Graziano &amp; Lan Mei\u00a0<\/em><\/p>\n<p style=\"text-align: center;\"><a href=\"https:\/\/journals.law.harvard.edu\/ilj\/2017\/04\/state-responsibility-for-aggression-a-human-rights-approach\/\"><strong>State Responsibility for Aggression: A Human Rights Approach<\/strong><\/a><br \/>\n<em>Fr\u00e9d\u00e9ric M\u00e9gret\u00a0<\/em><\/p>\n<p style=\"text-align: center;\"><a href=\"https:\/\/journals.law.harvard.edu\/ilj\/2017\/04\/the-icc-preventive-function-with-respect-to-the-crime-of-aggression-and-international-politics\/\"><strong>The ICC Preventive Function with Respect to the Crime of Aggression and International Politics<\/strong><\/a><br \/>\n<em>H\u00e9ctor Ol\u00e1solo &amp; Lucia Carcano\u00a0<\/em><\/p>\n<p style=\"text-align: center;\"><a href=\"https:\/\/journals.law.harvard.edu\/ilj\/2017\/04\/what-the-icc-can-learn-from-the-jurisprudence-of-other-tribunals\/\"><strong>What the ICC Can Learn from the Jurisprudence of\u00a0Other Tribunals<\/strong><\/a><br \/>\n<em>Christopher Greenwood\u00a0<\/em><\/p>\n<p style=\"text-align: center;\"><a href=\"https:\/\/journals.law.harvard.edu\/ilj\/2017\/04\/accountability-for-the-unlawful-use-of-force-putting-peacetime-first\/\"><strong>Accountability for the Unlawful Use of Force: Putting Peacetime First<\/strong><\/a><br \/>\n<em>Leila Nadya Sadat\u00a0<\/em><\/p>\n<p style=\"text-align: center;\"><a href=\"https:\/\/journals.law.harvard.edu\/ilj\/2017\/04\/the-crime-of-aggression-following-the-needs-of-a-changing-world\/\"><strong>The Crime of Aggression: Following the Needs of a Changing World?<\/strong><\/a><br \/>\n<em>Sanji Mmasenono Monageng\u00a0<\/em><\/p>\n<p style=\"text-align: center;\"><a href=\"https:\/\/journals.law.harvard.edu\/ilj\/2017\/04\/the-missing-pieces-in-article-8-bis-aggression-of-the-rome-statute\/\"><strong>The Missing Pieces in Article 8 bis (Aggression) of the Rome Statute<\/strong><\/a><br \/>\n<em>David Scheffer\u00a0<\/em><\/p>\n<p style=\"text-align: center;\"><a href=\"https:\/\/journals.law.harvard.edu\/ilj\/2017\/04\/the-history-of-aggression-in-international-law-its-culmination-in-the-kampala-amendments-and-its-future-legal-characterization\/\"><strong>The History of Aggression in International Law, Its Culmination in the\u00a0Kampala Amendments, and Its Future Legal Characterization<\/strong><\/a><br \/>\n<em>M. Cherif Bassiouni\u00a0<\/em><\/p>\n<p style=\"text-align: center;\"><a href=\"https:\/\/journals.law.harvard.edu\/ilj\/2017\/04\/epilogue-a-nuremberg-prosecutors-summation-regarding-the-illegal-use-of-armed-force\/\"><strong>Epilogue: A Nuremberg Prosecutor\u2019s Summation Regarding the Illegal\u00a0Use of Armed Force<\/strong><\/a><br \/>\n<em>Benjamin B. Ferencz\u00a0<\/em><\/p>\n<\/div>\n<hr \/>\n<p style=\"text-align: center;\"><strong>Follow us on Twitter:\u00a0<\/strong><\/p>\n<p style=\"text-align: center;\"><a href=\"https:\/\/twitter.com\/HarvardILJ\"><strong>@HarvardILJ<\/strong><\/a><\/p>\n<p style=\"text-align: center;\"><strong>#ILJSymp2017<\/strong><\/p>\n<p style=\"text-align: center;\">\n<\/div>\n<\/div>\n","protected":false},"excerpt":{"rendered":"<p>In 1946, the world witnessed the first-ever prosecutions of a state\u2019s leaders for planning and executing a war of aggression. [&hellip;]<\/p>\n","protected":false},"author":2,"featured_media":7942,"comment_status":"closed","ping_status":"open","sticky":false,"template":"","format":"standard","meta":{"site-sidebar-layout":"default","site-content-layout":"","ast-site-content-layout":"default","site-content-style":"default","site-sidebar-style":"default","ast-global-header-display":"","ast-banner-title-visibility":"","ast-main-header-display":"","ast-hfb-above-header-display":"","ast-hfb-below-header-display":"","ast-hfb-mobile-header-display":"","site-post-title":"","ast-breadcrumbs-content":"","ast-featured-img":"","footer-sml-layout":"","ast-disable-related-posts":"","theme-transparent-header-meta":"","adv-header-id-meta":"","stick-header-meta":"","header-above-stick-meta":"","header-main-stick-meta":"","header-below-stick-meta":"","astra-migrate-meta-layouts":"default","ast-page-background-enabled":"default","ast-page-background-meta":{"desktop":{"background-color":"var(--ast-global-color-5)","background-image":"","background-repeat":"repeat","background-position":"center center","background-size":"auto","background-attachment":"scroll","background-type":"","background-media":"","overlay-type":"","overlay-color":"","overlay-opacity":"","overlay-gradient":""},"tablet":{"background-color":"","background-image":"","background-repeat":"repeat","background-position":"center center","background-size":"auto","background-attachment":"scroll","background-type":"","background-media":"","overlay-type":"","overlay-color":"","overlay-opacity":"","overlay-gradient":""},"mobile":{"background-color":"","background-image":"","background-repeat":"repeat","background-position":"center center","background-size":"auto","background-attachment":"scroll","background-type":"","background-media":"","overlay-type":"","overlay-color":"","overlay-opacity":"","overlay-gradient":""}},"ast-content-background-meta":{"desktop":{"background-color":"var(--ast-global-color-4)","background-image":"","background-repeat":"repeat","background-position":"center center","background-size":"auto","background-attachment":"scroll","background-type":"","background-media":"","overlay-type":"","overlay-color":"","overlay-opacity":"","overlay-gradient":""},"tablet":{"background-color":"var(--ast-global-color-4)","background-image":"","background-repeat":"repeat","background-position":"center center","background-size":"auto","background-attachment":"scroll","background-type":"","background-media":"","overlay-type":"","overlay-color":"","overlay-opacity":"","overlay-gradient":""},"mobile":{"background-color":"var(--ast-global-color-4)","background-image":"","background-repeat":"repeat","background-position":"center center","background-size":"auto","background-attachment":"scroll","background-type":"","background-media":"","overlay-type":"","overlay-color":"","overlay-opacity":"","overlay-gradient":""}},"jetpack_post_was_ever_published":false,"_FSMCFIC_featured_image_caption":"","_FSMCFIC_featured_image_nocaption":"","_FSMCFIC_featured_image_hide":"","_jetpack_newsletter_access":"","_jetpack_dont_email_post_to_subs":false,"_jetpack_newsletter_tier_id":0,"_jetpack_memberships_contains_paywalled_content":false,"_jetpack_memberships_contains_paid_content":false,"footnotes":""},"categories":[121,1],"tags":[],"class_list":["post-8005","post","type-post","status-publish","format-standard","has-post-thumbnail","hentry","category-article-series","category-features"],"jetpack_featured_media_url":"https:\/\/journals.law.harvard.edu\/ilj\/wp-content\/uploads\/sites\/84\/nuremberg_defendants-e1491791859627.jpg","jetpack_sharing_enabled":true,"jetpack_shortlink":"https:\/\/wp.me\/peZu3S-257","jetpack_likes_enabled":true,"jetpack-related-posts":[],"_links":{"self":[{"href":"https:\/\/journals.law.harvard.edu\/ilj\/wp-json\/wp\/v2\/posts\/8005","targetHints":{"allow":["GET"]}}],"collection":[{"href":"https:\/\/journals.law.harvard.edu\/ilj\/wp-json\/wp\/v2\/posts"}],"about":[{"href":"https:\/\/journals.law.harvard.edu\/ilj\/wp-json\/wp\/v2\/types\/post"}],"author":[{"embeddable":true,"href":"https:\/\/journals.law.harvard.edu\/ilj\/wp-json\/wp\/v2\/users\/2"}],"replies":[{"embeddable":true,"href":"https:\/\/journals.law.harvard.edu\/ilj\/wp-json\/wp\/v2\/comments?post=8005"}],"version-history":[{"count":0,"href":"https:\/\/journals.law.harvard.edu\/ilj\/wp-json\/wp\/v2\/posts\/8005\/revisions"}],"wp:featuredmedia":[{"embeddable":true,"href":"https:\/\/journals.law.harvard.edu\/ilj\/wp-json\/wp\/v2\/media\/7942"}],"wp:attachment":[{"href":"https:\/\/journals.law.harvard.edu\/ilj\/wp-json\/wp\/v2\/media?parent=8005"}],"wp:term":[{"taxonomy":"category","embeddable":true,"href":"https:\/\/journals.law.harvard.edu\/ilj\/wp-json\/wp\/v2\/categories?post=8005"},{"taxonomy":"post_tag","embeddable":true,"href":"https:\/\/journals.law.harvard.edu\/ilj\/wp-json\/wp\/v2\/tags?post=8005"}],"curies":[{"name":"wp","href":"https:\/\/api.w.org\/{rel}","templated":true}]}}